{"id":809,"date":"2013-11-29T08:35:27","date_gmt":"2013-11-29T08:35:27","guid":{"rendered":"http:\/\/www.informe-espana.es\/?p=809"},"modified":"2013-11-29T08:35:27","modified_gmt":"2013-11-29T08:35:27","slug":"hacia-un-diagnostico-compartido-desde-el-realismo-critico","status":"publish","type":"post","link":"https:\/\/blogs.comillas.edu\/informeespana\/2013\/11\/29\/hacia-un-diagnostico-compartido-desde-el-realismo-critico\/","title":{"rendered":"Hacia un diagn\u00f3stico compartido desde el realismo cr\u00edtico"},"content":{"rendered":"<blockquote><p><em>Primera consideraci\u00f3n: Sabemos que la situaci\u00f3n es cr\u00edtica y casi de emergencia, pero el hecho de haber tocado fondo ha de ser el revulsivo para salir del atolladero con un nuevo enfoque general y un nuevo relato de soluciones y proyectos.<\/em><\/p><\/blockquote>\n<p>Las dos consecuencias m\u00e1s trascendentes del malestar acumulado son la extrema desconfianza ante la\u00a0<strong>clase pol\u00edtica<\/strong>\u00a0y el entramado institucional, por un lado, y la desesperanza ante la falta de un relato alternativo y resolutivo, por el otro. Son dos problemas que aquejan a muchos otros pa\u00edses como Espa\u00f1a, aunque aqu\u00ed se muestren con m\u00e1s crudeza. Desde fuera parece retornar el viejo t\u00f3pico sobre la incapacidad del pueblo espa\u00f1ol para gobernarse o dotarse de unas \u00e9lites competentes y eficaces. Si la transici\u00f3n democr\u00e1tica espa\u00f1ola ha servido de ejemplo para muchos otros pa\u00edses y contextos, la actual crisis m\u00faltiple nos desaf\u00eda a replantear un nuevo modelo de gobernanza y de arquitectura institucional m\u00e1s robusta y legitimada.<\/p>\n<p>La Espa\u00f1a de 2013 tiene poco que ver con la Espa\u00f1a de 2000, de 1994 o de 1978. La sociedad espa\u00f1ola ha partido de muy abajo en todos los ejes troncales (gobernanza, competitividad, bienestar, educaci\u00f3n, ciencia y virtudes c\u00edvicas), pero su salto relativo y su avance en las \u00faltimas d\u00e9cadas ha sido espectacular. Un avance a trompicones en unos casos, constante en otros y err\u00e1tico en cuanto a consolidar una\u00a0<strong>sociedad civil<\/strong>\u00a0potente e independiente. Ahora, en cambio, vivimos un efervescente renacimiento de colectivos y foros de debate que reclaman la apertura de una segunda transici\u00f3n o un nuevo proceso constituyente para acometer una regeneraci\u00f3n real de las instituciones y modernizar Espa\u00f1a de nuevo. No obstante, es la primera vez que la demanda urgente de regeneraci\u00f3n hist\u00f3rica se produce en un marco democr\u00e1tico y de libertades. Esto hay que remarcarlo. Es el gran desaf\u00edo al que se enfrenta la treinta\u00f1era democracia espa\u00f1ola en medio de una colosal crisis y de una globalizaci\u00f3n implacable que ponen a prueba su madurez. Una madurez que ha de dar otro salto cualitativo y adaptativo a algo mejor, si es capaz de desprenderse de viejos c\u00f3digos, maneras y estilos que ya han caducado.<\/p>\n<p>La situaci\u00f3n excepcional que vivimos requiere altas dosis de realismo cr\u00edtico, capaz de identificar las claves de b\u00f3veda m\u00e1s fr\u00e1giles de nuestra arquitectura a fin de sustituirlas desde el consenso. Eso no implica arrasarlo todo o hacer tabla rasa. Implica un cambio de actitud y un reconocimiento serio y sensato de aquellas fatigas, problemas y fallos de estructura que han sido obviados o ninguneados como parte de una realidad inc\u00f3moda o irresoluble. Reconocer la realidad con realismo cr\u00edtico resulta dif\u00edcil en tiempos en los que los medios de comunicaci\u00f3n y las \u00e9lites fabrican y crean marcos simb\u00f3licos muy potentes aunque superficiales. Algunos se han alejado tanto de la realidad real que llegan incluso a tratarla como un objeto extra\u00f1o o a excusarse diciendo que la realidad les ha estropeado el programa electoral de gobierno. Tierno Galv\u00e1n (1966) ya destacaba la afici\u00f3n de los espa\u00f1oles por la simplificaci\u00f3n y el manique\u00edsmo, rehuyendo y evitando las realidades complejas. No podemos reflejar la complejidad sin valernos del pensamiento complejo. Cuando afirmamos que la realidad social, econ\u00f3mica y pol\u00edtica es compleja pensamos en algo semejante a un tapiz cuyos hilos son todos significativos. Ceder a la simplificaci\u00f3n es una forma de contribuir a la confusi\u00f3n. Nada hay tan insensato como pretender iluminar lo complejo con el pensamiento simple o simplista, aunque resulte tan atractivo por su claridad y tan id\u00f3neo para los medios de comunicaci\u00f3n.<\/p>\n<p>La prensa, la televisi\u00f3n y el resto de medios tradicionales, \u00bfest\u00e1n facilitando el an\u00e1lisis y el debate complejo de los problemas o caen en el espect\u00e1culo tertuliano, r\u00e1pido y pol\u00e9mico para cautivar grandes audiencias? Las voces y expertos m\u00e1s solventes y completos, \u00bftienen la difusi\u00f3n p\u00fablica que requiere este momento? \u00bfD\u00f3nde est\u00e1n los intelectuales y acad\u00e9micos que anta\u00f1o iluminaban los caminos y encrucijadas, presentando paradojas y contradicciones que nos exig\u00edan un esfuerzo \u00e9tico y de reflexi\u00f3n? Son preguntas pertinentes ante unos tiempos que no admiten las respuestas f\u00e1ciles, sino la reflexi\u00f3n seria y anal\u00edtica de la realidad con todos sus pros y contras. No podemos rehuir por m\u00e1s tiempo la realidad compleja, soslayando nuestras contradicciones y dilemas endiablados o mirando para otro lado esperando que escampe. Es hora de realismo cr\u00edtico y pragm\u00e1tico orientado hacia el futuro, pensado para las futuras generaciones. Ello nos exige un esfuerzo \u00e9tico, intelectual y sensato por entender el presente sin dogmatismos ni prejuicios.<\/p>\n<p>Desde el inicio de la crisis en 2008, miles de j\u00f3venes han emigrado al exterior, iniciando una di\u00e1spora de profesionales j\u00f3venes y cualificados que puede superar en proporciones a la registrada al t\u00e9rmino de la guerra civil. Son las dos \u00fanicas di\u00e1sporas de capital humano cualificado en nuestra historia contempor\u00e1nea. Aunque la primera conduc\u00eda al exilio y la presente conduce a los mercados globales, ambas ejemplifican un fracaso y una p\u00e9rdida como pa\u00eds. Buena parte de ellos manifiestan que no piensan volver. Espa\u00f1a los ha educado en su sistema educativo \u2013injustamente vilipendiado\u2013, pero su excelencia y su talento servir\u00e1n para hacer m\u00e1s competitivos otros pa\u00edses que les ofrecen oportunidades, bienestar y confianza. Justo lo que no encuentran aqu\u00ed. \u00bfC\u00f3mo reconstruir un nuevo marco de confianza que sea cre\u00edble para poder recuperar a esta generaci\u00f3n que se marcha del pa\u00eds tan defraudada?<\/p>\n<p>La renovaci\u00f3n institucional que merecen las futuras generaciones es, hoy, un ejercicio adulto de responsabilidad y de justicia intergeneracional. Para asentar y legitimar una nueva arquitectura institucional que sea duradera, conviene traspasar las fronteras partidistas y asumir los graves problemas desde el realismo cr\u00edtico y sin maquillajes. S\u00f3lo entonces ser\u00e1 posible construir consensos en espacios de di\u00e1logo multiagentes donde voces expertas j\u00f3venes y seniors sean capaces de priorizar acuerdos estrat\u00e9gicos y de largo recorrido. Si los Pactos de la Moncloa (1977) fueron un punto de inflexi\u00f3n que permiti\u00f3 encajar la fr\u00e1gil y naciente democracia en un contexto de severa crisis econ\u00f3mica nacional, es posible que el nuevo punto de inflexi\u00f3n que necesitamos ahora sea un pacto intergeneracional entre la Espa\u00f1a que asent\u00f3 la democracia y las nuevas generaciones que han de hacer frente a la globalizaci\u00f3n y al cambio permanente y que no necesariamente se organizan en partidos pol\u00edticos.<\/p>\n<p>Partir del realismo cr\u00edtico supone reconocer la democracia pluralista y horizontal de voces y grupos informados que deliberan soluciones para el bien com\u00fan de forma racional y realista. Supone desprendernos de apriorismos c\u00f3modos y estar abiertos a nuevos razonamientos que proponen soluciones en espera de consenso. No es hora de inmovilismos ni de temeridades, sino de debate reflexivo y urgente en torno a un marco compartido de diagn\u00f3stico de la realidad compleja. Vivimos un tiempo hist\u00f3rico, llamado de modernidad reflexiva, donde la ciudadan\u00eda es creadora de una nueva agenda pol\u00edtica de abajo a arriba, con base experta, animada por redes y que trasciende los partidos pol\u00edticos. Es una consecuencia m\u00e1s del \u201ccambio de \u00e9poca\u201d caracter\u00edstico de la sociedad del conocimiento, con una ciudadan\u00eda m\u00e1s informada y formada que poco tiene que ver con la ciudadan\u00eda propia de la pasada sociedad industrial.<\/p>\n<p>La modernidad reflexiva es un cambio de paradigma de una democracia vertical y jer\u00e1rquica a una democracia m\u00e1s horizontal y participativa. Nos preguntamos si la sociedad espa\u00f1ola est\u00e1 dispuesta o no a abordar tantos desaf\u00edos desde la discrepancia y el debate racional llegando a nuevos consensos b\u00e1sicos y necesarios. La crisis ofrece la oportunidad hist\u00f3rica de provocar un gran cambio cultural que resit\u00fae a Espa\u00f1a en el mapa global y complejo de la modernidad avanzada. Sobra capacidad para hacerlo, pero falta un enfoque y un marco compartido para ponerse a ello.<\/p>\n<p>No se trata de ponerse en manos de spin doctors o expertos en marketing de marca, se trata de acordar un nuevo proyecto hist\u00f3rico que sea incluyente de la diversidad, asegure la confianza mutua y garantice el bienestar social siendo reconocible y cre\u00edble. \u00bfTenemos visi\u00f3n de pa\u00eds y suficiente generosidad para atravesar las fronteras partidistas e ideol\u00f3gicas? Hemos demostrado ser competentes para asentar la democracia en Espa\u00f1a, incorporarnos a Europa y acometer una gran modernizaci\u00f3n hasta ahora, pero queda por comprobar si sabremos tambi\u00e9n construir una arquitectura compleja de convivencia y progreso para los nuevos tiempos venideros. Haber tocado fondo deber\u00eda servir de revulsivo para salir del atolladero con realismo cr\u00edtico, con pluralismo y con inteligencia incluyente.\t\t<\/p>\n","protected":false},"excerpt":{"rendered":"<p>Primera consideraci\u00f3n: Sabemos que la situaci\u00f3n es cr\u00edtica y casi de emergencia, pero el hecho de haber tocado fondo ha de ser el revulsivo para salir del atolladero con un nuevo enfoque general y un nuevo relato de soluciones y proyectos. Las dos consecuencias m\u00e1s trascendentes del malestar acumulado son la extrema desconfianza ante la\u00a0clase &#8230; <a title=\"Hacia un diagn\u00f3stico compartido desde el realismo cr\u00edtico\" class=\"read-more\" href=\"https:\/\/blogs.comillas.edu\/informeespana\/2013\/11\/29\/hacia-un-diagnostico-compartido-desde-el-realismo-critico\/\" aria-label=\"Leer m\u00e1s sobre Hacia un diagn\u00f3stico compartido desde el realismo cr\u00edtico\">Leer m\u00e1s <\/a><\/p>\n","protected":false},"author":411,"featured_media":617,"comment_status":"open","ping_status":"open","sticky":false,"template":"","format":"standard","meta":{"footnotes":""},"categories":[1959,9,1842],"tags":[1965,1962,1968],"class_list":["post-809","post","type-post","status-publish","format-standard","has-post-thumbnail","hentry","category-crisis-y-ciudadania","category-informe-espana","category-informe-espana-2013","tag-clase-politica","tag-crisis-y-ciudadania-3","tag-sociedad-civil"],"_links":{"self":[{"href":"https:\/\/blogs.comillas.edu\/informeespana\/wp-json\/wp\/v2\/posts\/809","targetHints":{"allow":["GET"]}}],"collection":[{"href":"https:\/\/blogs.comillas.edu\/informeespana\/wp-json\/wp\/v2\/posts"}],"about":[{"href":"https:\/\/blogs.comillas.edu\/informeespana\/wp-json\/wp\/v2\/types\/post"}],"author":[{"embeddable":true,"href":"https:\/\/blogs.comillas.edu\/informeespana\/wp-json\/wp\/v2\/users\/411"}],"replies":[{"embeddable":true,"href":"https:\/\/blogs.comillas.edu\/informeespana\/wp-json\/wp\/v2\/comments?post=809"}],"version-history":[{"count":0,"href":"https:\/\/blogs.comillas.edu\/informeespana\/wp-json\/wp\/v2\/posts\/809\/revisions"}],"wp:featuredmedia":[{"embeddable":true,"href":"https:\/\/blogs.comillas.edu\/informeespana\/wp-json\/"}],"wp:attachment":[{"href":"https:\/\/blogs.comillas.edu\/informeespana\/wp-json\/wp\/v2\/media?parent=809"}],"wp:term":[{"taxonomy":"category","embeddable":true,"href":"https:\/\/blogs.comillas.edu\/informeespana\/wp-json\/wp\/v2\/categories?post=809"},{"taxonomy":"post_tag","embeddable":true,"href":"https:\/\/blogs.comillas.edu\/informeespana\/wp-json\/wp\/v2\/tags?post=809"}],"curies":[{"name":"wp","href":"https:\/\/api.w.org\/{rel}","templated":true}]}}