{"id":7052,"date":"2023-11-28T09:03:46","date_gmt":"2023-11-28T08:03:46","guid":{"rendered":"https:\/\/blogs.comillas.edu\/informeespana\/?p=7052"},"modified":"2024-03-13T10:50:47","modified_gmt":"2024-03-13T09:50:47","slug":"el-estado-del-bienestar-y-su-financiacion","status":"publish","type":"post","link":"https:\/\/blogs.comillas.edu\/informeespana\/2023\/11\/28\/el-estado-del-bienestar-y-su-financiacion\/","title":{"rendered":"EL ESTADO DE BIENESTAR Y SU FINANCIACI\u00d3N EN LA TERCERA D\u00c9CADA DEL SIGLO XXI"},"content":{"rendered":"<p><em>Jes\u00fas Ruiz-Huerta y Javier Loscos<\/em><\/p>\n<p><a href=\"https:\/\/blogs.comillas.edu\/informeespana\/wp-content\/uploads\/sites\/93\/2023\/11\/Informe_Espana_2023_Capitulo_3.pdf\">Informe Espa\u00f1a 2023 Parte tercera, Cap\u00edtulo 3<\/a><\/p>\n<p>A lo largo de las publicaciones anuales del Informe Espa\u00f1a, m\u00faltiples art\u00edculos han centrado su atenci\u00f3n en los problemas de desigualdad y en el funcionamiento de las pol\u00edticas p\u00fablicas, para intentar explicar los retos y dificultades a los que se enfrentaba la sociedad espa\u00f1ola respecto al objetivo de garantizar el bienestar de su ciudadan\u00eda.  Casi 30 a\u00f1os despu\u00e9s, las preguntas sobre el Estado de bienestar, sus problemas y su evoluci\u00f3n se mantienen, aunque con caracter\u00edsticas diferentes a las que se daban al final del siglo pasado. Desde entonces, ya integrados en la Uni\u00f3n Europea, la econom\u00eda espa\u00f1ola, como el resto de las econom\u00edas, tuvo que hacer frente a la denominada \u201cGran Recesi\u00f3n\u201d al final de la primera d\u00e9cada del siglo actual y, posteriormente, a los efectos generados por la COVID-19, as\u00ed como a las consecuencias del aumento de los costes de las materias primas y el regreso de la inflaci\u00f3n, incentivados por la invasi\u00f3n rusa de Ucrania. <\/p>\n<p>La cuesti\u00f3n que interesa destacar aqu\u00ed es si se han producido cambios significativos en cuanto a la dimensi\u00f3n y la estructura interna del Estado de bienestar, poniendo especial atenci\u00f3n en las cuestiones de su financiaci\u00f3n, es decir, el funcionamiento del sistema tributario y la evoluci\u00f3n del endeudamiento p\u00fablico. Se trata, por tanto, de analizar los datos e intentar evaluar los efectos de las \u00faltimas crisis, as\u00ed como de ofrecer informaci\u00f3n sobre las propuestas de reforma y cambio que se han efectuado en el contexto de las crisis, y los programas europeos puestos en marcha para afrontarlas.<\/p>\n<p>El trabajo se inicia con unas reflexiones sobre los contenidos b\u00e1sicos del Estado de bienestar y el an\u00e1lisis de las prestaciones y servicios p\u00fablicos. \u00bfQu\u00e9 ha pasado con la dimensi\u00f3n del sector p\u00fablico? \u00bfHa disminuido su tama\u00f1o? \u00bfSe ha mantenido? Y \u00bfqu\u00e9 se puede decir de los servicios y prestaciones del sector p\u00fablico? \u00bfCu\u00e1les son los gastos principales? En la segunda parte el foco de atenci\u00f3n se sit\u00faa sobre los ingresos p\u00fablicos, poniendo un especial \u00e9nfasis en la financiaci\u00f3n del Estado de bienestar. \u00bfSon suficientes los ingresos p\u00fablicos que financian el Estado de bienestar? \u00bfQu\u00e9 podemos decir de la necesaria reforma fiscal? \u00bfQu\u00e9 propone el Libro Blanco presentado en 2022? \u00bfQu\u00e9 pol\u00edticas fiscales ha aplicado el Gobierno? En la parte final se ofrecen algunas consideraciones sobre la situaci\u00f3n actual y las perspectivas de futuro del Estado de bienestar.<\/p>\n","protected":false},"excerpt":{"rendered":"<p>A lo largo de las publicaciones anuales del Informe Espa\u00f1a, m\u00faltiples art\u00edculos han centrado su atenci\u00f3n en los problemas de desigualdad y en el funcionamiento de las pol\u00edticas p\u00fablicas, para intentar explicar los retos y dificultades a los que se enfrentaba la sociedad espa\u00f1ola respecto al objetivo de garantizar el bienestar de su ciudadan\u00eda.  Casi 30 a\u00f1os despu\u00e9s, las preguntas sobre el Estado de bienestar, sus problemas y su evoluci\u00f3n se mantienen, aunque con caracter\u00edsticas diferentes a las que se daban al final del siglo pasado. Desde entonces, ya integrados en la Uni\u00f3n Europea, la econom\u00eda espa\u00f1ola, como el resto de las econom\u00edas, tuvo que hacer frente a la denominada \u201cGran Recesi\u00f3n\u201d al final de la primera d\u00e9cada del siglo actual y, posteriormente, a los efectos generados por la COVID-19, as\u00ed como a las consecuencias del aumento de los costes de las materias primas y el regreso de la inflaci\u00f3n, incentivados por la invasi\u00f3n rusa de Ucrania.<\/p>\n","protected":false},"author":787,"featured_media":7064,"comment_status":"open","ping_status":"open","sticky":false,"template":"","format":"standard","meta":{"footnotes":""},"categories":[9],"tags":[],"class_list":["post-7052","post","type-post","status-publish","format-standard","has-post-thumbnail","hentry","category-informe-espana"],"_links":{"self":[{"href":"https:\/\/blogs.comillas.edu\/informeespana\/wp-json\/wp\/v2\/posts\/7052","targetHints":{"allow":["GET"]}}],"collection":[{"href":"https:\/\/blogs.comillas.edu\/informeespana\/wp-json\/wp\/v2\/posts"}],"about":[{"href":"https:\/\/blogs.comillas.edu\/informeespana\/wp-json\/wp\/v2\/types\/post"}],"author":[{"embeddable":true,"href":"https:\/\/blogs.comillas.edu\/informeespana\/wp-json\/wp\/v2\/users\/787"}],"replies":[{"embeddable":true,"href":"https:\/\/blogs.comillas.edu\/informeespana\/wp-json\/wp\/v2\/comments?post=7052"}],"version-history":[{"count":6,"href":"https:\/\/blogs.comillas.edu\/informeespana\/wp-json\/wp\/v2\/posts\/7052\/revisions"}],"predecessor-version":[{"id":7182,"href":"https:\/\/blogs.comillas.edu\/informeespana\/wp-json\/wp\/v2\/posts\/7052\/revisions\/7182"}],"wp:featuredmedia":[{"embeddable":true,"href":"https:\/\/blogs.comillas.edu\/informeespana\/wp-json\/wp\/v2\/media\/7064"}],"wp:attachment":[{"href":"https:\/\/blogs.comillas.edu\/informeespana\/wp-json\/wp\/v2\/media?parent=7052"}],"wp:term":[{"taxonomy":"category","embeddable":true,"href":"https:\/\/blogs.comillas.edu\/informeespana\/wp-json\/wp\/v2\/categories?post=7052"},{"taxonomy":"post_tag","embeddable":true,"href":"https:\/\/blogs.comillas.edu\/informeespana\/wp-json\/wp\/v2\/tags?post=7052"}],"curies":[{"name":"wp","href":"https:\/\/api.w.org\/{rel}","templated":true}]}}