{"id":7022,"date":"2023-11-28T09:00:06","date_gmt":"2023-11-28T08:00:06","guid":{"rendered":"https:\/\/blogs.comillas.edu\/informeespana\/?p=7022"},"modified":"2024-03-13T10:50:13","modified_gmt":"2024-03-13T09:50:13","slug":"las-personas-sin-hogar-en-espana","status":"publish","type":"post","link":"https:\/\/blogs.comillas.edu\/informeespana\/2023\/11\/28\/las-personas-sin-hogar-en-espana\/","title":{"rendered":"LAS PERSONAS SIN HOGAR EN ESPA\u00d1A: EL ALOJAMIENTO Y LA VIVIENDA COMO DERECHO SOCIAL"},"content":{"rendered":"<p><em>Pedro Jos\u00e9 Cabrera<\/em><\/p>\n<p><a href=\"https:\/\/blogs.comillas.edu\/informeespana\/wp-content\/uploads\/sites\/93\/2023\/11\/Informe_Espana_2023_Capitulo_4.pdf\">Informe Espa\u00f1a 2023 Parte tercera, Cap\u00edtulo 4<\/a><\/p>\n<p>La exclusi\u00f3n residencial tiene su expresi\u00f3n m\u00e1s radical en el hecho de vivir a la intemperie. El ser humano necesita de un cobijo para sobrevivir; desde las cuevas de Altamira para ac\u00e1, la b\u00fasqueda de un lugar en el que refugiarse de las inclemencias temporales y de las amenazas del entorno ha constituido una parte sustancial de la conducta humana. Quienes han conseguido un techo s\u00f3lido, protector, adaptado al medio, en condiciones de ocupaci\u00f3n estable, f\u00e1cilmente defendible y sobre el que proyectar simb\u00f3licamente sus miedos y fantas\u00edas han logrado subsistir y prolongar su biograf\u00eda; quienes no lo consiguieron o lo perdieron bruscamente han visto reducirse dr\u00e1sticamente los a\u00f1os de su existencia en tanto que \u201chu\u00e9spedes del aire\u201d. Algunas estimaciones generadas a partir de las noticias publicadas en medios de comunicaci\u00f3n en las que se refleja la edad de las personas sin techo muertas en Espa\u00f1a calculan que mueren entre 30 y 40 a\u00f1os antes que la poblaci\u00f3n general de su misma generaci\u00f3n.<\/p>\n<p>Lo que se ha dado en llamar sinhogarismo es un asunto complejo, que en el marco de sociedades desarrolladas no se reduce exclusivamente a un problema de vivienda. Pero qu\u00e9 duda cabe de que, aun cuando deban contemplarse otros componentes, factores y causas que inciden en su origen y evoluci\u00f3n posterior, el hecho de no disponer de un techo (en alguna de sus m\u00faltiples variedades) sobre la cabeza, representa la condici\u00f3n m\u00e1s caracter\u00edstica y necesaria del problema, as\u00ed como la v\u00eda privilegiada para conseguir<br \/>\nerradicarlo. No es s\u00f3lo un problema de vivienda o alojamiento, pero sin duda es un problema que desaparece con provisi\u00f3n adecuada y adaptada de vivienda y alojamiento.<\/p>\n<p>Tomando como punto de partida la \u00faltima edici\u00f3n de la Encuesta a Personas sin Hogar realizada por el INE en 2022, el cap\u00edtulo lleva a cabo un amplio acercamiento estad\u00edstico a la situaci\u00f3n de las personas sin hogar en Espa\u00f1a: su n\u00famero, sus principales caracter\u00edsticas socioecon\u00f3micas (sexo, edad, nacionalidad, nivel de estudios, situaci\u00f3n econ\u00f3mica y laboral, situaci\u00f3n de alojamiento, relaciones familiares y sociales&#8230;), las razones que los abocaron al sinhogarismo,  estado de salud, oferta de servicios sociales.<\/p>\n","protected":false},"excerpt":{"rendered":"<p>La exclusi\u00f3n residencial tiene su expresi\u00f3n m\u00e1s radical en el hecho de vivir a la intemperie. El ser humano necesita de un cobijo para sobrevivir; desde las cuevas de Altamira para ac\u00e1, la b\u00fasqueda de un lugar en el que refugiarse de las inclemencias temporales y de las amenazas del entorno ha constituido una parte sustancial de la conducta humana. Quienes han conseguido un techo s\u00f3lido, protector, adaptado al medio, en condiciones de ocupaci\u00f3n estable, f\u00e1cilmente defendible y sobre el que proyectar simb\u00f3licamente sus miedos y fantas\u00edas han logrado subsistir y prolongar su biograf\u00eda; quienes no lo consiguieron o lo perdieron bruscamente han visto reducirse dr\u00e1sticamente los a\u00f1os de su existencia en tanto que \u201chu\u00e9spedes del aire\u201d. Algunas estimaciones generadas a partir de las noticias publicadas en medios de comunicaci\u00f3n en las que se refleja la edad de las personas sin techo muertas en Espa\u00f1a calculan que mueren entre 30 y 40 a\u00f1os antes que la poblaci\u00f3n general de su misma generaci\u00f3n.<\/p>\n","protected":false},"author":787,"featured_media":7034,"comment_status":"open","ping_status":"open","sticky":false,"template":"","format":"standard","meta":{"footnotes":""},"categories":[9],"tags":[],"class_list":["post-7022","post","type-post","status-publish","format-standard","has-post-thumbnail","hentry","category-informe-espana"],"_links":{"self":[{"href":"https:\/\/blogs.comillas.edu\/informeespana\/wp-json\/wp\/v2\/posts\/7022","targetHints":{"allow":["GET"]}}],"collection":[{"href":"https:\/\/blogs.comillas.edu\/informeespana\/wp-json\/wp\/v2\/posts"}],"about":[{"href":"https:\/\/blogs.comillas.edu\/informeespana\/wp-json\/wp\/v2\/types\/post"}],"author":[{"embeddable":true,"href":"https:\/\/blogs.comillas.edu\/informeespana\/wp-json\/wp\/v2\/users\/787"}],"replies":[{"embeddable":true,"href":"https:\/\/blogs.comillas.edu\/informeespana\/wp-json\/wp\/v2\/comments?post=7022"}],"version-history":[{"count":5,"href":"https:\/\/blogs.comillas.edu\/informeespana\/wp-json\/wp\/v2\/posts\/7022\/revisions"}],"predecessor-version":[{"id":7179,"href":"https:\/\/blogs.comillas.edu\/informeespana\/wp-json\/wp\/v2\/posts\/7022\/revisions\/7179"}],"wp:featuredmedia":[{"embeddable":true,"href":"https:\/\/blogs.comillas.edu\/informeespana\/wp-json\/wp\/v2\/media\/7034"}],"wp:attachment":[{"href":"https:\/\/blogs.comillas.edu\/informeespana\/wp-json\/wp\/v2\/media?parent=7022"}],"wp:term":[{"taxonomy":"category","embeddable":true,"href":"https:\/\/blogs.comillas.edu\/informeespana\/wp-json\/wp\/v2\/categories?post=7022"},{"taxonomy":"post_tag","embeddable":true,"href":"https:\/\/blogs.comillas.edu\/informeespana\/wp-json\/wp\/v2\/tags?post=7022"}],"curies":[{"name":"wp","href":"https:\/\/api.w.org\/{rel}","templated":true}]}}