{"id":7007,"date":"2023-11-28T08:57:06","date_gmt":"2023-11-28T07:57:06","guid":{"rendered":"https:\/\/blogs.comillas.edu\/informeespana\/?p=7007"},"modified":"2024-03-13T10:49:44","modified_gmt":"2024-03-13T09:49:44","slug":"la-transicion-necesaria-en-la-gestion-de-la-salud","status":"publish","type":"post","link":"https:\/\/blogs.comillas.edu\/informeespana\/2023\/11\/28\/la-transicion-necesaria-en-la-gestion-de-la-salud\/","title":{"rendered":"LA TRANSICI\u00d3N NECESARIA EN LA GESTI\u00d3N DE LA SALUD: DE LA GESTI\u00d3N DE PERSONAS A LA GESTI\u00d3N DE POBLACIONES"},"content":{"rendered":"<p><em>\u00c1ngel As\u00fansolo<\/em><\/p>\n<p><a href=\"https:\/\/blogs.comillas.edu\/informeespana\/wp-content\/uploads\/sites\/93\/2023\/11\/Informe_Espana_2023_Capitulo_5.pdf\">Informe Espa\u00f1a 2023 Parte tercera, Cap\u00edtulo 5<\/a><\/p>\n<p>Abordar la sostenibilidad de los sistemas sanitarios, tan influidos por factores sociales, pol\u00edticos y econ\u00f3micos, se requiere una combinaci\u00f3n de enfoques que incluyen la promoci\u00f3n de la salud y la prevenci\u00f3n de enfermedades, la implementaci\u00f3n de pol\u00edticas eficientes de gesti\u00f3n de recursos, la inversi\u00f3n en tecnolog\u00eda e innovaci\u00f3n, la mejora del acceso a la atenci\u00f3n m\u00e9dica y la b\u00fasqueda de colaboraci\u00f3n internacional para compartir conocimientos y buenas pr\u00e1cticas. En esto hay un com\u00fan acuerdo. C\u00f3mo llevarlo adelante, la forma en que se ha de gestionar, est\u00e1 por definir o consensuar.<\/p>\n<p>En este trabajo se pretende plantear los problemas y alternativas de la gesti\u00f3n sanitaria. El objetivo no es presentar unos datos m\u00e1s o menos actualizados sobre el estado del Sistema Nacional de Salud. Para ello es posible consultar los excelentes informes que de manera anual publica el Ministerio de Sanidad (Ministerio de Sanidad, 2022b)10. El objetivo es realizar una reflexi\u00f3n sobre los problemas, dificultades, retos y posibles opciones a las que nos enfrentamos al abordar la gesti\u00f3n sanitaria en sus dos vertientes,<br \/>\nindividual y poblacional.<\/p>\n<p>En el primer apartado presentaremos una reflexi\u00f3n sobre la enfermedad enfocada desde el punto de vista individual y poblacional. Tanto en la capacidad de entender sus causas, como de incidir en su evoluci\u00f3n. El segundo apartado est\u00e1 dedicado al concepto de salud y salud p\u00fablica, conceptos interpretados de m\u00faltiples y diversas maneras que orientan nuestras acciones. El tercer apartado est\u00e1 dedicado a conocer c\u00f3mo valoramos ese estado de salud o enfermedad en las poblaciones, con sus diversos problemas de perspectiva. En el cuarto apartado intentaremos presentar los diferentes modelos de gesti\u00f3n sanitaria que se est\u00e1n desarrollando en la actualidad. Finalmente, se presentar\u00e1, a modo de conclusi\u00f3n, una reflexi\u00f3n sobre la salud como bien com\u00fan y la necesidad de la gesti\u00f3n poblacional.<\/p>\n","protected":false},"excerpt":{"rendered":"<p>Abordar la sostenibilidad de los sistemas sanitarios, tan influidos por factores sociales, pol\u00edticos y econ\u00f3micos, se requiere una combinaci\u00f3n de enfoques que incluyen la promoci\u00f3n de la salud y la prevenci\u00f3n de enfermedades, la implementaci\u00f3n de pol\u00edticas eficientes de gesti\u00f3n de recursos, la inversi\u00f3n en tecnolog\u00eda e innovaci\u00f3n, la mejora del acceso a la atenci\u00f3n m\u00e9dica y la b\u00fasqueda de colaboraci\u00f3n internacional para compartir conocimientos y buenas pr\u00e1cticas. En esto hay un com\u00fan acuerdo. C\u00f3mo llevarlo adelante, la forma en que se ha de gestionar, est\u00e1 por definir o consensuar.<\/p>\n","protected":false},"author":787,"featured_media":7016,"comment_status":"open","ping_status":"open","sticky":false,"template":"","format":"standard","meta":{"footnotes":""},"categories":[9],"tags":[],"class_list":["post-7007","post","type-post","status-publish","format-standard","has-post-thumbnail","hentry","category-informe-espana"],"_links":{"self":[{"href":"https:\/\/blogs.comillas.edu\/informeespana\/wp-json\/wp\/v2\/posts\/7007","targetHints":{"allow":["GET"]}}],"collection":[{"href":"https:\/\/blogs.comillas.edu\/informeespana\/wp-json\/wp\/v2\/posts"}],"about":[{"href":"https:\/\/blogs.comillas.edu\/informeespana\/wp-json\/wp\/v2\/types\/post"}],"author":[{"embeddable":true,"href":"https:\/\/blogs.comillas.edu\/informeespana\/wp-json\/wp\/v2\/users\/787"}],"replies":[{"embeddable":true,"href":"https:\/\/blogs.comillas.edu\/informeespana\/wp-json\/wp\/v2\/comments?post=7007"}],"version-history":[{"count":5,"href":"https:\/\/blogs.comillas.edu\/informeespana\/wp-json\/wp\/v2\/posts\/7007\/revisions"}],"predecessor-version":[{"id":7176,"href":"https:\/\/blogs.comillas.edu\/informeespana\/wp-json\/wp\/v2\/posts\/7007\/revisions\/7176"}],"wp:featuredmedia":[{"embeddable":true,"href":"https:\/\/blogs.comillas.edu\/informeespana\/wp-json\/wp\/v2\/media\/7016"}],"wp:attachment":[{"href":"https:\/\/blogs.comillas.edu\/informeespana\/wp-json\/wp\/v2\/media?parent=7007"}],"wp:term":[{"taxonomy":"category","embeddable":true,"href":"https:\/\/blogs.comillas.edu\/informeespana\/wp-json\/wp\/v2\/categories?post=7007"},{"taxonomy":"post_tag","embeddable":true,"href":"https:\/\/blogs.comillas.edu\/informeespana\/wp-json\/wp\/v2\/tags?post=7007"}],"curies":[{"name":"wp","href":"https:\/\/api.w.org\/{rel}","templated":true}]}}