{"id":6587,"date":"2021-11-22T08:36:50","date_gmt":"2021-11-22T07:36:50","guid":{"rendered":"https:\/\/blogs.comillas.edu\/informeespana\/?p=6587"},"modified":"2021-11-22T08:36:50","modified_gmt":"2021-11-22T07:36:50","slug":"el-sistema-autonomico-y-la-crisis-sanitaria","status":"publish","type":"post","link":"https:\/\/blogs.comillas.edu\/informeespana\/2021\/11\/22\/el-sistema-autonomico-y-la-crisis-sanitaria\/","title":{"rendered":"El sistema auton\u00f3mico y la crisis sanitaria"},"content":{"rendered":"<p><a href=\"https:\/\/blogs.comillas.edu\/informeespana\/wp-content\/uploads\/sites\/93\/2021\/11\/Informe_Espana_2021_Capitulo_6.pdf\">Informe Espa\u00f1a 2021 Cap\u00edtulo 6<\/a><\/p>\n<p>Jos\u00e9 Mar\u00eda P\u00e9rez Medina<\/p>\n<p>La crisis sanitaria causada por la difusi\u00f3n e impacto del virus de la COVID-19 ha originado una situaci\u00f3n excepcional en la historia social espa\u00f1ola de los \u00faltimos decenios, que ha afectado de manera hasta ahora desconocida a la vida y actitudes de los ciudadanos y al comportamiento social e institucional de todo el pa\u00eds. A falta de referentes anteriores, la crisis sanitaria actual se desarrolla en un contexto peculiar, con determinadas caracter\u00edsticas que marcan la complejidad de su gesti\u00f3n y se\u00f1alan un camino de incertidumbres. <\/p>\n<p>La crisis se ha convertido en un examen sobre el sistema pol\u00edtico, e incluso econ\u00f3mico, y ha brindado una oportunidad para valorar su funcionamiento efectivo, incluyendo la influencia de los h\u00e1bitos y creencias de la cultura pol\u00edtica espa\u00f1ola. En un ambiente marcado por la complejidad y la incertidumbre, las dudas de los ciudadanos se suscitan en varios \u00e1mbitos: la idoneidad del marco regulador, la suficiencia o exceso de las medidas, la conveniencia sobre la direcci\u00f3n del Gobierno o de las comunidades aut\u00f3nomas, la efectividad y capacidad del Gobierno, la coordinaci\u00f3n territorial, el enfrentamiento entre partidos pol\u00edticos, y, sobre todo, el conflicto entre intereses econ\u00f3micos y sanitarios. <\/p>\n<p>En este cap\u00edtulo se tratar\u00e1n cuatro aspectos del modelo auton\u00f3mico sobre los que incide la crisis sanitaria: la responsabilidad para la adopci\u00f3n de medidas, su contenido, la coordinaci\u00f3n sanitaria y los mecanismos de gobernanza entre los diferentes niveles. Como primera apreciaci\u00f3n, la gesti\u00f3n de la crisis ha permitido comprobar la imposibilidad pr\u00e1ctica de que la Administraci\u00f3n del Estado gestione en exclusiva este momento, como se apunt\u00f3 en su comienzo. Pero tambi\u00e9n la imposibilidad de que las comunidades aut\u00f3nomas gestionen sus propias crisis, creando fronteras internas, con m\u00e9todos propios y desconectados del resto del pa\u00eds. Por todo ello, la crisis supone un reto para todos: arbitrar un sistema en el que las competencias, medios e intereses de cada nivel administrativo se incorporen de forma coherente en un sistema integrado, y con un compromiso de lealtad compartida para alcanzar un objetivo com\u00fan.<\/p>\n","protected":false},"excerpt":{"rendered":"<p>La crisis sanitaria causada por la difusi\u00f3n e impacto del virus de la COVID-19 ha originado una situaci\u00f3n excepcional en la historia social espa\u00f1ola de los \u00faltimos decenios, que ha afectado de manera hasta ahora desconocida a la vida y actitudes de los ciudadanos y al comportamiento social e institucional de todo el pa\u00eds. A falta de referentes anteriores, la crisis sanitaria actual se desarrolla en un contexto peculiar, con determinadas caracter\u00edsticas que marcan la complejidad de su gesti\u00f3n y se\u00f1alan un camino de incertidumbres.<\/p>\n","protected":false},"author":785,"featured_media":6595,"comment_status":"open","ping_status":"open","sticky":false,"template":"","format":"standard","meta":{"footnotes":""},"categories":[9],"tags":[],"class_list":["post-6587","post","type-post","status-publish","format-standard","has-post-thumbnail","hentry","category-informe-espana"],"_links":{"self":[{"href":"https:\/\/blogs.comillas.edu\/informeespana\/wp-json\/wp\/v2\/posts\/6587","targetHints":{"allow":["GET"]}}],"collection":[{"href":"https:\/\/blogs.comillas.edu\/informeespana\/wp-json\/wp\/v2\/posts"}],"about":[{"href":"https:\/\/blogs.comillas.edu\/informeespana\/wp-json\/wp\/v2\/types\/post"}],"author":[{"embeddable":true,"href":"https:\/\/blogs.comillas.edu\/informeespana\/wp-json\/wp\/v2\/users\/785"}],"replies":[{"embeddable":true,"href":"https:\/\/blogs.comillas.edu\/informeespana\/wp-json\/wp\/v2\/comments?post=6587"}],"version-history":[{"count":4,"href":"https:\/\/blogs.comillas.edu\/informeespana\/wp-json\/wp\/v2\/posts\/6587\/revisions"}],"predecessor-version":[{"id":6685,"href":"https:\/\/blogs.comillas.edu\/informeespana\/wp-json\/wp\/v2\/posts\/6587\/revisions\/6685"}],"wp:featuredmedia":[{"embeddable":true,"href":"https:\/\/blogs.comillas.edu\/informeespana\/wp-json\/wp\/v2\/media\/6595"}],"wp:attachment":[{"href":"https:\/\/blogs.comillas.edu\/informeespana\/wp-json\/wp\/v2\/media?parent=6587"}],"wp:term":[{"taxonomy":"category","embeddable":true,"href":"https:\/\/blogs.comillas.edu\/informeespana\/wp-json\/wp\/v2\/categories?post=6587"},{"taxonomy":"post_tag","embeddable":true,"href":"https:\/\/blogs.comillas.edu\/informeespana\/wp-json\/wp\/v2\/tags?post=6587"}],"curies":[{"name":"wp","href":"https:\/\/api.w.org\/{rel}","templated":true}]}}