{"id":6559,"date":"2021-11-22T08:38:08","date_gmt":"2021-11-22T07:38:08","guid":{"rendered":"https:\/\/blogs.comillas.edu\/informeespana\/?p=6559"},"modified":"2021-11-22T08:38:08","modified_gmt":"2021-11-22T07:38:08","slug":"la-desigualdad-y-la-pobreza-en-tiempos-de-covid-19","status":"publish","type":"post","link":"https:\/\/blogs.comillas.edu\/informeespana\/2021\/11\/22\/la-desigualdad-y-la-pobreza-en-tiempos-de-covid-19\/","title":{"rendered":"La desigualdad y la pobreza en tiempos de covid-19"},"content":{"rendered":"<p><a href=\"https:\/\/blogs.comillas.edu\/informeespana\/wp-content\/uploads\/sites\/93\/2021\/11\/Informe_Espana_2021_Capitulo_4.pdf\">Informe Espa\u00f1a 2021 Cap\u00edtulo 4<\/a><\/p>\n<p>Jos\u00e9 A. L\u00f3pez-Ruiz y Pedro Cabrera Cabrera<\/p>\n<p>En toda la OCDE, ya antes de la pandemia exist\u00eda una situaci\u00f3n en la que, bajo la apariencia de unas sociedades estables, est\u00e1bamos asistiendo a la erosi\u00f3n de los cimientos de la integraci\u00f3n social, laboriosamente construida a partir de la Segunda Guerra Mundial y la expansi\u00f3n del Welfare State, debido al aumento del desempleo, la consolidaci\u00f3n de la precariedad, el crecimiento del n\u00famero de hogares con rentas bajas o muy bajas y el incremento de la desigualdad, la pobreza y la exclusi\u00f3n social en el seno de sociedades ricas y desarrolladas. Todas estas tendencias a incrementar la precariedad y la polarizaci\u00f3n social, existentes antes de la crisis sanitaria, se han visto intensificadas y desveladas a\u00fan m\u00e1s con la llegada de la pandemia.  <\/p>\n<p>En este cap\u00edtulo, adem\u00e1s de hacer una presentaci\u00f3n de la evoluci\u00f3n que han seguido desde marzo de 2020 los indicadores socioecon\u00f3micos y demosc\u00f3picos m\u00e1s reconocidos, nos asomamos tambi\u00e9n, desde una perspectiva menos empirista y m\u00e1s fenomenol\u00f3gica, a la experiencia vivida de la COVID-19 en su impacto sobre la desigualdad, de manera que emerjan el c\u00famulo de emociones, actitudes y prejuicios ligados a la pobreza y la exclusi\u00f3n que se dan cita en esta coyuntura hist\u00f3rica. Por tanto, el an\u00e1lisis desarrollado en este cap\u00edtulo se dirige principalmente a alimentar el conocimiento emp\u00edricamente fundamentado desde la visi\u00f3n de expertos o t\u00e9cnicos en el campo de las ciencias sociales. Para ello, hemos ordenado y analizado los datos disponibles, ya sea que provengan de fuentes oficiales de la Administraci\u00f3n (Eurostat, INE, CIS), de instituciones p\u00fablicas (PNUD, Banco Mundial, Eurofound) o de los llamados \u201cempresarios morales\u201d: entidades sociales y ONG que luchan contra la pobreza y la exclusi\u00f3n social (EAPN, Cruz Roja, C\u00e1ritas). Al mismo tiempo, hemos tratado de incluir la dimensi\u00f3n emocional, vivencial y subjetiva que existe tras las experiencias vividas de pobreza y exclusi\u00f3n. <\/p>\n","protected":false},"excerpt":{"rendered":"<p>En toda la OCDE, ya antes de la pandemia exist\u00eda una situaci\u00f3n en la que, bajo la apariencia de unas sociedades estables, est\u00e1bamos asistiendo a la erosi\u00f3n de los cimientos de la integraci\u00f3n social, laboriosamente construida a partir de la Segunda Guerra Mundial y la expansi\u00f3n del Welfare State, debido al aumento del desempleo, la consolidaci\u00f3n de la precariedad, el crecimiento del n\u00famero de hogares con rentas bajas o muy bajas y el incremento de la desigualdad, la pobreza y la exclusi\u00f3n social en el seno de sociedades ricas y desarrolladas. Todas estas tendencias a incrementar la precariedad y la polarizaci\u00f3n social, existentes antes de la crisis sanitaria, se han visto intensificadas y desveladas a\u00fan m\u00e1s con la llegada de la pandemia.<\/p>\n","protected":false},"author":781,"featured_media":6565,"comment_status":"open","ping_status":"open","sticky":false,"template":"","format":"standard","meta":{"footnotes":""},"categories":[9],"tags":[],"class_list":["post-6559","post","type-post","status-publish","format-standard","has-post-thumbnail","hentry","category-informe-espana"],"_links":{"self":[{"href":"https:\/\/blogs.comillas.edu\/informeespana\/wp-json\/wp\/v2\/posts\/6559","targetHints":{"allow":["GET"]}}],"collection":[{"href":"https:\/\/blogs.comillas.edu\/informeespana\/wp-json\/wp\/v2\/posts"}],"about":[{"href":"https:\/\/blogs.comillas.edu\/informeespana\/wp-json\/wp\/v2\/types\/post"}],"author":[{"embeddable":true,"href":"https:\/\/blogs.comillas.edu\/informeespana\/wp-json\/wp\/v2\/users\/781"}],"replies":[{"embeddable":true,"href":"https:\/\/blogs.comillas.edu\/informeespana\/wp-json\/wp\/v2\/comments?post=6559"}],"version-history":[{"count":3,"href":"https:\/\/blogs.comillas.edu\/informeespana\/wp-json\/wp\/v2\/posts\/6559\/revisions"}],"predecessor-version":[{"id":6691,"href":"https:\/\/blogs.comillas.edu\/informeespana\/wp-json\/wp\/v2\/posts\/6559\/revisions\/6691"}],"wp:featuredmedia":[{"embeddable":true,"href":"https:\/\/blogs.comillas.edu\/informeespana\/wp-json\/wp\/v2\/media\/6565"}],"wp:attachment":[{"href":"https:\/\/blogs.comillas.edu\/informeespana\/wp-json\/wp\/v2\/media?parent=6559"}],"wp:term":[{"taxonomy":"category","embeddable":true,"href":"https:\/\/blogs.comillas.edu\/informeespana\/wp-json\/wp\/v2\/categories?post=6559"},{"taxonomy":"post_tag","embeddable":true,"href":"https:\/\/blogs.comillas.edu\/informeespana\/wp-json\/wp\/v2\/tags?post=6559"}],"curies":[{"name":"wp","href":"https:\/\/api.w.org\/{rel}","templated":true}]}}