{"id":2240,"date":"2015-12-15T16:30:30","date_gmt":"2015-12-15T14:30:30","guid":{"rendered":"http:\/\/www.informe-espana.es\/?p=2240"},"modified":"2019-06-26T10:17:59","modified_gmt":"2019-06-26T08:17:59","slug":"mas-alla-de-una-sociedad-precaria-de-los-procesos-de-exclusion-a-los-procesos-de-expulsion","status":"publish","type":"post","link":"https:\/\/blogs.comillas.edu\/informeespana\/2015\/12\/15\/mas-alla-de-una-sociedad-precaria-de-los-procesos-de-exclusion-a-los-procesos-de-expulsion\/","title":{"rendered":"M\u00e1s all\u00e1 de una sociedad precaria: de los procesos de exclusi\u00f3n a los procesos de expulsi\u00f3n"},"content":{"rendered":"<p>\u00a0<\/p>\n<p>Uno de los principales interrogantes que han planteado los informes de la Fundaci\u00f3n Encuentro a lo largo de su historia era la dificultad de definir y, por tanto, cuantificar el fen\u00f3meno de la exclusi\u00f3n social. M\u00e1s all\u00e1 de la pobreza monetaria, siempre han existido grandes dificultades para aprehender un concepto tan complejo y multidimensional. La realidad actual, que se ha ido reflejando tanto en los datos estad\u00edsticos de la Encuesta de Condiciones de Vida, de la Encuesta de Presupuestos Familiares o de la Encuesta de Poblaci\u00f3n Activa del Instituto Nacional de Estad\u00edstica, como en los avances de Eurostat en la medici\u00f3n de la exclusi\u00f3n, han ido mostrando, sin ning\u00fan tipo de dudas, el incremento de la pobreza monetaria y el empeoramiento de diversos indicadores relacionados con la privaci\u00f3n material y con el riesgo de exclusi\u00f3n. Son esfuerzos de medici\u00f3n que nos van acercando a la comprensi\u00f3n del fen\u00f3meno.<\/p>\n<p>Actualmente la realidad de la desigualdad y la pobreza monetaria ha sido aceptada por gran parte de los actores pol\u00edticos y se ha incorporado en sus discursos, a pesar de los an\u00e1lisis, interesados o alejados de la realidad, que argumentan la debilidad de los datos o su exageraci\u00f3n. Pareciera que estamos en un momento donde se da una ventana de oportunidad para retomar el \u00e1mbito de la protecci\u00f3n social.<\/p>\n<p>Sin duda alguna, llevar a cabo medidas de car\u00e1cter paliativo, dirigidas a los m\u00e1s de cinco millones de personas en situaci\u00f3n de exclusi\u00f3n severa, es algo urgente y prioritario. La intensidad y acumulaci\u00f3n de problemas en ese sector social lo hacen ineludible. Los esfuerzos realizados hasta ahora no han sido suficientes para contener el empeoramiento progresivo de los m\u00e1s afectados por la crisis. Tanto desde el punto de vista del tiempo como de la acumulaci\u00f3n.<\/p>\n<p>Vivimos en una sociedad donde los ciudadanos han visto y vivido las consecuencias de la crisis, bien porque les ha afectado directamente, bien porque les ha generado una mayor precariedad en su cotidianidad; o, en el mejor de los casos, no habiendo estado afectado, se es conocedor de personas o situaciones que la han sufrido. En este contexto, parece posible plantear el objetivo b\u00e1sico de establecer unos \u201cm\u00ednimos vitales\u201d irrenunciables, que tienen que ser garantizados por el Estado a toda la poblaci\u00f3n, y que no se pueden limitar a la supervivencia f\u00edsica, sino que han de incluir elementos de integraci\u00f3n social y cultural.<\/p>\n<p><a href=\"https:\/\/blogs.comillas.edu\/informeespana\/wp-content\/uploads\/sites\/93\/2019\/05\/IE2015Cap19.pdf\">Cap\u00edtulo 19 &#8211; Exclusi\u00f3n<\/a><\/p>\n\n\n<p><\/p>\n","protected":false},"excerpt":{"rendered":"<p>\u00a0 Uno de los principales interrogantes que han planteado los informes de la Fundaci\u00f3n Encuentro a lo largo de su historia era la dificultad de definir y, por tanto, cuantificar el fen\u00f3meno de la exclusi\u00f3n social. M\u00e1s all\u00e1 de la pobreza monetaria, siempre han existido grandes dificultades para aprehender un concepto tan complejo y multidimensional. &#8230; <a title=\"M\u00e1s all\u00e1 de una sociedad precaria: de los procesos de exclusi\u00f3n a los procesos de expulsi\u00f3n\" class=\"read-more\" href=\"https:\/\/blogs.comillas.edu\/informeespana\/2015\/12\/15\/mas-alla-de-una-sociedad-precaria-de-los-procesos-de-exclusion-a-los-procesos-de-expulsion\/\" aria-label=\"Leer m\u00e1s sobre M\u00e1s all\u00e1 de una sociedad precaria: de los procesos de exclusi\u00f3n a los procesos de expulsi\u00f3n\">Leer m\u00e1s <\/a><\/p>\n","protected":false},"author":396,"featured_media":5407,"comment_status":"open","ping_status":"open","sticky":false,"template":"","format":"standard","meta":{"footnotes":""},"categories":[2853,9,2568,2622],"tags":[411,594,1554,2571,1077,2856,600,2859],"class_list":["post-2240","post","type-post","status-publish","format-standard","has-post-thumbnail","hentry","category-exclusion-social-2015","category-informe-espana","category-informe-espana-2015","category-sociedad-y-politica","tag-desigualdad","tag-exclusion-social","tag-fundacion-encuentro","tag-informe-espana-2015","tag-integracion","tag-marginacion","tag-pobreza","tag-procesos-sociales"],"_links":{"self":[{"href":"https:\/\/blogs.comillas.edu\/informeespana\/wp-json\/wp\/v2\/posts\/2240","targetHints":{"allow":["GET"]}}],"collection":[{"href":"https:\/\/blogs.comillas.edu\/informeespana\/wp-json\/wp\/v2\/posts"}],"about":[{"href":"https:\/\/blogs.comillas.edu\/informeespana\/wp-json\/wp\/v2\/types\/post"}],"author":[{"embeddable":true,"href":"https:\/\/blogs.comillas.edu\/informeespana\/wp-json\/wp\/v2\/users\/396"}],"replies":[{"embeddable":true,"href":"https:\/\/blogs.comillas.edu\/informeespana\/wp-json\/wp\/v2\/comments?post=2240"}],"version-history":[{"count":2,"href":"https:\/\/blogs.comillas.edu\/informeespana\/wp-json\/wp\/v2\/posts\/2240\/revisions"}],"predecessor-version":[{"id":5620,"href":"https:\/\/blogs.comillas.edu\/informeespana\/wp-json\/wp\/v2\/posts\/2240\/revisions\/5620"}],"wp:featuredmedia":[{"embeddable":true,"href":"https:\/\/blogs.comillas.edu\/informeespana\/wp-json\/wp\/v2\/media\/5407"}],"wp:attachment":[{"href":"https:\/\/blogs.comillas.edu\/informeespana\/wp-json\/wp\/v2\/media?parent=2240"}],"wp:term":[{"taxonomy":"category","embeddable":true,"href":"https:\/\/blogs.comillas.edu\/informeespana\/wp-json\/wp\/v2\/categories?post=2240"},{"taxonomy":"post_tag","embeddable":true,"href":"https:\/\/blogs.comillas.edu\/informeespana\/wp-json\/wp\/v2\/tags?post=2240"}],"curies":[{"name":"wp","href":"https:\/\/api.w.org\/{rel}","templated":true}]}}