{"id":2236,"date":"2015-12-15T16:30:06","date_gmt":"2015-12-15T14:30:06","guid":{"rendered":"http:\/\/www.informe-espana.es\/?p=2236"},"modified":"2019-06-26T10:24:40","modified_gmt":"2019-06-26T08:24:40","slug":"cuando-vuelva-a-salir-el-sol-poscrisis-participacion-y-sociedad-civil","status":"publish","type":"post","link":"https:\/\/blogs.comillas.edu\/informeespana\/2015\/12\/15\/cuando-vuelva-a-salir-el-sol-poscrisis-participacion-y-sociedad-civil\/","title":{"rendered":"Cuando vuelva a salir el sol: poscrisis, participaci\u00f3n y sociedad civil"},"content":{"rendered":"<p>En nuestra sociedad el espacio p\u00fablico y lo p\u00fablico sigue siendo un lugar de desencuentros y tensiones, m\u00e1s que un espacio clave para el ejercicio de la responsabilidad individual y colectiva. La escasez y la austeridad sobrevenida con la crisis poco han cambiado las tendencias, aunque s\u00ed ha incrementado la desigualdad.<\/p>\n<p>Para muchas entidades de la sociedad civil organizada, este tiempo de crisis ha acentuado un problema de sustituci\u00f3n generacional que no es nuevo y arranca de bastante antes. Las personas de la generaci\u00f3n que fue activa y luchadora frente al<br \/>\nr\u00e9gimen franquista, que pele\u00f3 por conquistar la democracia, que construy\u00f3 buena parte del tejido asociativo de fin del siglo XX, han dado forma al Tercer Sector desde un voluntarismo incombustible y militante. Sin embargo, en estas organizaciones se ha<br \/>\nproducido el envejecimiento de personas activas y el declive de dinamizaci\u00f3n de sus asociados y de captaci\u00f3n de personas voluntarias. Al igual que el tiempo y la edad pasan para cualquier individuo, lo mismo sucede en las organizaciones; si no se piensa con antelaci\u00f3n, se producen colapsos. Incluso en algunas asociaciones que han conseguido importantes cotas de prestigio se dan fuertes debates sobre c\u00f3mo atraer a gente m\u00e1s joven o, simplemente, \u2018sangre\u2019 nueva que se comprometa con sus objetivos. Pues corren el riesgo de desaparecer por falta de mimbres. Es un problema que se detecta tanto de forma intuitiva en el contacto directo con distintas organizaciones como en las encuestas sobre voluntariado y participaci\u00f3n, que viene de lejos y que en informes anteriores de la Fundaci\u00f3n Encuentro ya se ha analizado. \u00bfCu\u00e1ntas son las entidades que tienen dificultades serias en su continuidad o cu\u00e1ntas desaparecen porque no han tenido procesos de sustituci\u00f3n tanto de sus l\u00edderes como de sus bases?<\/p>\n<p>Teniendo en cuenta la perspectiva actual, \u00bfqu\u00e9 podemos anticipar? \u00bfHacia d\u00f3nde vamos en esta etapa que vislumbra la poscrisis? \u00bfCu\u00e1l es el horizonte que podemos pensar y construir? Las opciones que ya se han activado obligan a revisar las formas de participaci\u00f3n y vinculaci\u00f3n \u2013o de militancia, como se dec\u00eda antes\u2013.<\/p>\n<p><a href=\"https:\/\/blogs.comillas.edu\/informeespana\/wp-content\/uploads\/sites\/93\/2019\/05\/IE2015Cap17.pdf\">Cap\u00edtulo 17: Tercer sector<\/a><\/p>\n","protected":false},"excerpt":{"rendered":"<p>En nuestra sociedad el espacio p\u00fablico y lo p\u00fablico sigue siendo un lugar de desencuentros y tensiones, m\u00e1s que un espacio clave para el ejercicio de la responsabilidad individual y colectiva. La escasez y la austeridad sobrevenida con la crisis poco han cambiado las tendencias, aunque s\u00ed ha incrementado la desigualdad. Para muchas entidades de &#8230; <a title=\"Cuando vuelva a salir el sol: poscrisis, participaci\u00f3n y sociedad civil\" class=\"read-more\" href=\"https:\/\/blogs.comillas.edu\/informeespana\/2015\/12\/15\/cuando-vuelva-a-salir-el-sol-poscrisis-participacion-y-sociedad-civil\/\" aria-label=\"Leer m\u00e1s sobre Cuando vuelva a salir el sol: poscrisis, participaci\u00f3n y sociedad civil\">Leer m\u00e1s <\/a><\/p>\n","protected":false},"author":369,"featured_media":2195,"comment_status":"open","ping_status":"open","sticky":false,"template":"","format":"standard","meta":{"footnotes":""},"categories":[9,2568,2622,2850],"tags":[1554,2571,2067,2847,1968,2073],"class_list":["post-2236","post","type-post","status-publish","format-standard","has-post-thumbnail","hentry","category-informe-espana","category-informe-espana-2015","category-sociedad-y-politica","category-tercer-sector-2015","tag-fundacion-encuentro","tag-informe-espana-2015","tag-ong","tag-participacion","tag-sociedad-civil","tag-tercer-sector"],"_links":{"self":[{"href":"https:\/\/blogs.comillas.edu\/informeespana\/wp-json\/wp\/v2\/posts\/2236","targetHints":{"allow":["GET"]}}],"collection":[{"href":"https:\/\/blogs.comillas.edu\/informeespana\/wp-json\/wp\/v2\/posts"}],"about":[{"href":"https:\/\/blogs.comillas.edu\/informeespana\/wp-json\/wp\/v2\/types\/post"}],"author":[{"embeddable":true,"href":"https:\/\/blogs.comillas.edu\/informeespana\/wp-json\/wp\/v2\/users\/369"}],"replies":[{"embeddable":true,"href":"https:\/\/blogs.comillas.edu\/informeespana\/wp-json\/wp\/v2\/comments?post=2236"}],"version-history":[{"count":1,"href":"https:\/\/blogs.comillas.edu\/informeespana\/wp-json\/wp\/v2\/posts\/2236\/revisions"}],"predecessor-version":[{"id":5635,"href":"https:\/\/blogs.comillas.edu\/informeespana\/wp-json\/wp\/v2\/posts\/2236\/revisions\/5635"}],"wp:featuredmedia":[{"embeddable":true,"href":"https:\/\/blogs.comillas.edu\/informeespana\/wp-json\/"}],"wp:attachment":[{"href":"https:\/\/blogs.comillas.edu\/informeespana\/wp-json\/wp\/v2\/media?parent=2236"}],"wp:term":[{"taxonomy":"category","embeddable":true,"href":"https:\/\/blogs.comillas.edu\/informeespana\/wp-json\/wp\/v2\/categories?post=2236"},{"taxonomy":"post_tag","embeddable":true,"href":"https:\/\/blogs.comillas.edu\/informeespana\/wp-json\/wp\/v2\/tags?post=2236"}],"curies":[{"name":"wp","href":"https:\/\/api.w.org\/{rel}","templated":true}]}}