{"id":2222,"date":"2015-12-15T15:30:09","date_gmt":"2015-12-15T13:30:09","guid":{"rendered":"http:\/\/www.informe-espana.es\/?p=2222"},"modified":"2019-06-26T11:22:32","modified_gmt":"2019-06-26T09:22:32","slug":"estado-de-bienestar-y-politicas-sociales-tendencias-y-perspectivas","status":"publish","type":"post","link":"https:\/\/blogs.comillas.edu\/informeespana\/2015\/12\/15\/estado-de-bienestar-y-politicas-sociales-tendencias-y-perspectivas\/","title":{"rendered":"Estado de bienestar y pol\u00edticas sociales: tendencias y perspectivas"},"content":{"rendered":"<p>La preocupaci\u00f3n por los problemas de equidad y bienestar social ha sido una constante en los informes de la Fundaci\u00f3n Encuentro. Los distintos cap\u00edtulos de los informes anuales de la Fundaci\u00f3n Encuentro han tratado de profundizar en las posibilidades y l\u00edmites del Estado de bienestar para mejorar nuestros niveles de equidad.<\/p>\n<p>Frente al consenso caracter\u00edstico de \u00e9pocas anteriores, en las que el Estado de bienestar se caracteriz\u00f3 por un crecimiento gradual, la realidad actual impone la<strong> necesidad de lograr nuevos consensos en la sociedad<\/strong>. Existe una crisis irreversible de los supuestos sobre los que se cimentaron los Estados de bienestar tradicionales, que obliga a reformular sus bases. Cualquier propuesta que suponga profundizar sobre las mismas bases o no alterar la naturaleza del sistema de protecci\u00f3n estar\u00e1 muy probablemente abocada al fracaso. No es posible hacer pivotar ya la protecci\u00f3n social, o incluso el propio modelo de organizaci\u00f3n social, sobre el mercado de trabajo. Las elevadas tasas de desempleo estructural, la creciente intermitencia de la relaci\u00f3n laboral y los cambios en la composici\u00f3n familiar de los hogares han quebrado los supuestos tradicionales de las pol\u00edticas sociales. La pregunta clave es, por tanto, sobre qu\u00e9 elementos instaurar un nuevo consenso para superar las actuales deficiencias de la protecci\u00f3n social.<\/p>\n<p>El objetivo de este cap\u00edtulo es ofrecer algunos argumentos para dar posibles respuestas a esa pregunta. La contestaci\u00f3n no puede disociarse de los cambios que se est\u00e1n produciendo en los Estados de bienestar de nuestro entorno, por lo que una <strong>primera reflexi\u00f3n<\/strong> centra el foco en los cambios generales en los sistemas de protecci\u00f3n social en los pa\u00edses ricos. En <strong>segundo lugar<\/strong>, es obligado analizar las tendencias en el largo plazo del propio Estado de bienestar espa\u00f1ol, cuya revisi\u00f3n se recoge en un segundo apartado. En <strong>tercer lugar<\/strong>, las posibles respuestas han de tener presentes algunas de las principales transformaciones en las pol\u00edticas sociales en estas dos d\u00e9cadas, que a su vez dan lugar a otros interrogantes que deben ser atendidos, como qu\u00e9 pol\u00edticas son las m\u00e1s redistributivas, c\u00f3mo encajar esta posible reforma en el proceso de descentralizaci\u00f3n que durante este per\u00edodo ha marcado la pol\u00edtica social espa\u00f1ola, c\u00f3mo definir un sistema equilibrado de producci\u00f3n mixta de bienestar y qu\u00e9 tipo de sistema de financiaci\u00f3n del gasto social es el m\u00e1s adecuado en el nuevo contexto. A la revisi\u00f3n de estas cuatro cuestiones se dedica el tercer y \u00faltimo apartado.<\/p>\n<p><a href=\"https:\/\/blogs.comillas.edu\/informeespana\/wp-content\/uploads\/sites\/93\/2019\/05\/IE2015Cap10.pdf\">Cap\u00edtulo 10 &#8211;\u00a0 Servicios sociales<\/a><\/p>\n","protected":false},"excerpt":{"rendered":"<p>La preocupaci\u00f3n por los problemas de equidad y bienestar social ha sido una constante en los informes de la Fundaci\u00f3n Encuentro. Los distintos cap\u00edtulos de los informes anuales de la Fundaci\u00f3n Encuentro han tratado de profundizar en las posibilidades y l\u00edmites del Estado de bienestar para mejorar nuestros niveles de equidad. Frente al consenso caracter\u00edstico &#8230; <a title=\"Estado de bienestar y pol\u00edticas sociales: tendencias y perspectivas\" class=\"read-more\" href=\"https:\/\/blogs.comillas.edu\/informeespana\/2015\/12\/15\/estado-de-bienestar-y-politicas-sociales-tendencias-y-perspectivas\/\" aria-label=\"Leer m\u00e1s sobre Estado de bienestar y pol\u00edticas sociales: tendencias y perspectivas\">Leer m\u00e1s <\/a><\/p>\n","protected":false},"author":396,"featured_media":2188,"comment_status":"open","ping_status":"open","sticky":false,"template":"","format":"standard","meta":{"footnotes":""},"categories":[2583,9,2568,2610],"tags":[2607,261,1554,2532,2571,1209,2109],"class_list":["post-2222","post","type-post","status-publish","format-standard","has-post-thumbnail","hentry","category-bienestar","category-informe-espana","category-informe-espana-2015","category-servicios-sociales-2015","tag-atencion-social","tag-dependencia","tag-fundacion-encuentro","tag-infancia","tag-informe-espana-2015","tag-servicios-sociales","tag-vejez"],"_links":{"self":[{"href":"https:\/\/blogs.comillas.edu\/informeespana\/wp-json\/wp\/v2\/posts\/2222","targetHints":{"allow":["GET"]}}],"collection":[{"href":"https:\/\/blogs.comillas.edu\/informeespana\/wp-json\/wp\/v2\/posts"}],"about":[{"href":"https:\/\/blogs.comillas.edu\/informeespana\/wp-json\/wp\/v2\/types\/post"}],"author":[{"embeddable":true,"href":"https:\/\/blogs.comillas.edu\/informeespana\/wp-json\/wp\/v2\/users\/396"}],"replies":[{"embeddable":true,"href":"https:\/\/blogs.comillas.edu\/informeespana\/wp-json\/wp\/v2\/comments?post=2222"}],"version-history":[{"count":1,"href":"https:\/\/blogs.comillas.edu\/informeespana\/wp-json\/wp\/v2\/posts\/2222\/revisions"}],"predecessor-version":[{"id":5659,"href":"https:\/\/blogs.comillas.edu\/informeespana\/wp-json\/wp\/v2\/posts\/2222\/revisions\/5659"}],"wp:featuredmedia":[{"embeddable":true,"href":"https:\/\/blogs.comillas.edu\/informeespana\/wp-json\/"}],"wp:attachment":[{"href":"https:\/\/blogs.comillas.edu\/informeespana\/wp-json\/wp\/v2\/media?parent=2222"}],"wp:term":[{"taxonomy":"category","embeddable":true,"href":"https:\/\/blogs.comillas.edu\/informeespana\/wp-json\/wp\/v2\/categories?post=2222"},{"taxonomy":"post_tag","embeddable":true,"href":"https:\/\/blogs.comillas.edu\/informeespana\/wp-json\/wp\/v2\/tags?post=2222"}],"curies":[{"name":"wp","href":"https:\/\/api.w.org\/{rel}","templated":true}]}}