{"id":2210,"date":"2015-12-15T15:31:52","date_gmt":"2015-12-15T13:31:52","guid":{"rendered":"http:\/\/www.informe-espana.es\/?p=2210"},"modified":"2019-06-26T10:32:45","modified_gmt":"2019-06-26T08:32:45","slug":"consenso-familista-y-pacto-de-proteccion-infantil","status":"publish","type":"post","link":"https:\/\/blogs.comillas.edu\/informeespana\/2015\/12\/15\/consenso-familista-y-pacto-de-proteccion-infantil\/","title":{"rendered":"Consenso familista y pacto de protecci\u00f3n infantil en Espa\u00f1a"},"content":{"rendered":"<p>La <strong>familia es la experiencia m\u00e1s universal de la Historia<\/strong>. De tal arraigo en la condici\u00f3n humana, que se hace posible en muy diversos tipos de institucionalizaci\u00f3n, expresiones y papeles. Las distintas transformaciones que la han afectado durante las \u00faltimas d\u00e9cadas no han hecho sino dejar claro y manifiesto un casi un\u00e1nime anhelo de ser familia en casi todos los ciudadanos. El informe de la Fundaci\u00f3n Encuentro ha seguido muy atentamente la evoluci\u00f3n de la familia y ha llamado a ese reconocimiento de la aceptaci\u00f3n p\u00fablica que tiene tan singular comunidad humana como vertebradora de la vida personal, comunitaria y la del conjunto de una sociedad. Al ser la familia cuidadora incondicional de la persona en su m\u00e1s \u00edntima dignidad, hablar de familia es tratar de infancia y su educaci\u00f3n, de mayores, de personas con discapacidad, en situaci\u00f3n de dependencia o de quienes s\u00f3lo tienen a la familia como recurso para sobrevivir a las presiones y carencias de la exclusi\u00f3n social. Todas esas dimensiones han sido abordadas por el informe a lo largo de dos d\u00e9cadas.<br \/>\nLos informes de la Fundaci\u00f3n Encuentro reconocen la <strong>crucialidad de la familia para cada persona y la sociedad en su conjunto<\/strong>, afirma que la b\u00fasqueda del desarrollo individual de cada miembro de la familia no atenta contra la solidaridad familiar sino lo contrario, cree que hay que tener una mirada equilibrada y no catastrofista ante las transformaciones que viven la pareja y la familia, sostiene que hace falta una pol\u00edtica de reconocimiento de la familia y un enfoque integral sobre la propia comunidad familiar y todas las funciones de bienestar que realiza, y aborda cuestiones clave como el papel de la mujer, la conciliaci\u00f3n con el trabajo extradom\u00e9stico, la contribuci\u00f3n a y de los mayores, la situaci\u00f3n de la dependencia y la discapacidad o el<br \/>\ncuidado y formaci\u00f3n de ni\u00f1os y j\u00f3venes.<br \/>\nLa <strong>situaci\u00f3n de la infancia<\/strong> en Espa\u00f1a ha seguido una senda de progresiva protecci\u00f3n y se ha hecho frente a nuevos riesgos que van surgiendo. Se ha ido incrementando la sensibilidad p\u00fablica sobre el bienestar infantil y las legislaciones han ido mejorando continuamente. Es importante el papel realizado por el Comit\u00e9 de Derechos del Ni\u00f1o, con sus informes peri\u00f3dicos\u00a0 sobre el estado de la infancia y los aspectos que se\u00f1ala se deben mejorar. En este caso la presi\u00f3n internacional tiene un efecto positivo sobre el pa\u00eds. No obstante, es <strong>necesario avanzar en la garant\u00eda del bienestar infantil<\/strong> extendido a todos los ni\u00f1os residentes en Espa\u00f1a y a\u00fan hay mucho por conseguir. Unicef lider\u00f3 una iniciativa que reclamaba un Pacto de Estado por la Infancia y logr\u00f3 el apoyo de un amplio sector p\u00fablico y ciudadano. El bienestar infantil debe convertirse en un imperativo ante el que todas las pol\u00edticas cooperen con eficacia.<\/p>\n<p>Gran parte de los problemas que afectan a la infancia requieren una intervenci\u00f3n compleja, porque implican la responsabilidad y condiciones de las familias, as\u00ed como medidas que afectan a medios de comunicaci\u00f3n, empresas o \u00e1mbitos tan inciertos como<br \/>\nInternet.<\/p>\n<p><a href=\"https:\/\/blogs.comillas.edu\/informeespana\/wp-content\/uploads\/sites\/93\/2019\/05\/IE2015Cap4.pdf\">Cap\u00edtulo 4 &#8211; Familia<\/a><\/p>\n","protected":false},"excerpt":{"rendered":"<p>La familia es la experiencia m\u00e1s universal de la Historia. De tal arraigo en la condici\u00f3n humana, que se hace posible en muy diversos tipos de institucionalizaci\u00f3n, expresiones y papeles. Las distintas transformaciones que la han afectado durante las \u00faltimas d\u00e9cadas no han hecho sino dejar claro y manifiesto un casi un\u00e1nime anhelo de ser &#8230; <a title=\"Consenso familista y pacto de protecci\u00f3n infantil en Espa\u00f1a\" class=\"read-more\" href=\"https:\/\/blogs.comillas.edu\/informeespana\/2015\/12\/15\/consenso-familista-y-pacto-de-proteccion-infantil\/\" aria-label=\"Leer m\u00e1s sobre Consenso familista y pacto de protecci\u00f3n infantil en Espa\u00f1a\">Leer m\u00e1s <\/a><\/p>\n","protected":false},"author":393,"featured_media":2182,"comment_status":"open","ping_status":"open","sticky":false,"template":"","format":"standard","meta":{"footnotes":""},"categories":[2559,2565,9,2568],"tags":[2562,2346,228,1554,1440,2532,2571,2574,2577,2580,1095],"class_list":["post-2210","post","type-post","status-publish","format-standard","has-post-thumbnail","hentry","category-actores","category-familia-e-infancia-2015","category-informe-espana","category-informe-espana-2015","tag-conyugalidad","tag-divorcio","tag-familia","tag-fundacion-encuentro","tag-hijos","tag-infancia","tag-informe-espana-2015","tag-matrimonio","tag-nupcialidad","tag-parentalidad","tag-salud"],"_links":{"self":[{"href":"https:\/\/blogs.comillas.edu\/informeespana\/wp-json\/wp\/v2\/posts\/2210","targetHints":{"allow":["GET"]}}],"collection":[{"href":"https:\/\/blogs.comillas.edu\/informeespana\/wp-json\/wp\/v2\/posts"}],"about":[{"href":"https:\/\/blogs.comillas.edu\/informeespana\/wp-json\/wp\/v2\/types\/post"}],"author":[{"embeddable":true,"href":"https:\/\/blogs.comillas.edu\/informeespana\/wp-json\/wp\/v2\/users\/393"}],"replies":[{"embeddable":true,"href":"https:\/\/blogs.comillas.edu\/informeespana\/wp-json\/wp\/v2\/comments?post=2210"}],"version-history":[{"count":1,"href":"https:\/\/blogs.comillas.edu\/informeespana\/wp-json\/wp\/v2\/posts\/2210\/revisions"}],"predecessor-version":[{"id":5650,"href":"https:\/\/blogs.comillas.edu\/informeespana\/wp-json\/wp\/v2\/posts\/2210\/revisions\/5650"}],"wp:featuredmedia":[{"embeddable":true,"href":"https:\/\/blogs.comillas.edu\/informeespana\/wp-json\/"}],"wp:attachment":[{"href":"https:\/\/blogs.comillas.edu\/informeespana\/wp-json\/wp\/v2\/media?parent=2210"}],"wp:term":[{"taxonomy":"category","embeddable":true,"href":"https:\/\/blogs.comillas.edu\/informeespana\/wp-json\/wp\/v2\/categories?post=2210"},{"taxonomy":"post_tag","embeddable":true,"href":"https:\/\/blogs.comillas.edu\/informeespana\/wp-json\/wp\/v2\/tags?post=2210"}],"curies":[{"name":"wp","href":"https:\/\/api.w.org\/{rel}","templated":true}]}}