{"id":1955,"date":"2014-12-16T10:08:46","date_gmt":"2014-12-16T08:08:46","guid":{"rendered":"http:\/\/www.informe-espana.es\/?p=1955"},"modified":"2014-12-16T10:08:46","modified_gmt":"2014-12-16T08:08:46","slug":"capitulo-3-que-queda-de-la-soberania-nacional-y-del-estado-social-y-democratico-de-derecho-europeo-tras-la-crisis","status":"publish","type":"post","link":"https:\/\/blogs.comillas.edu\/informeespana\/2014\/12\/16\/capitulo-3-que-queda-de-la-soberania-nacional-y-del-estado-social-y-democratico-de-derecho-europeo-tras-la-crisis\/","title":{"rendered":"Cap\u00edtulo 3: \u00bfQu\u00e9 queda de la soberan\u00eda nacional y del Estado Social y Democr\u00e1tico de Derecho europeo tras la crisis?"},"content":{"rendered":"<figure id=\"attachment_1927\" aria-describedby=\"caption-attachment-1927\" style=\"width: 211px\" class=\"wp-caption alignleft\"><a href=\"http:\/\/www.informe-espana.es\/wp-content\/uploads\/2014\/12\/C3-soberania.jpg\"><img loading=\"lazy\" decoding=\"async\" class=\"wp-image-1927 size-full\" src=\"http:\/\/www.informe-espana.es\/wp-content\/uploads\/2014\/12\/C3-soberania.jpg\" alt=\"Cap\u00edtulo 3 - \u00bfQu\u00e9 queda de la soberan\u00eda nacional y del Estado Social y Democr\u00e1tico de Derecho europeo tras la crisis? - Informe Espa\u00f1a 2014\" width=\"221\" height=\"220\" \/><\/a><figcaption id=\"caption-attachment-1927\" class=\"wp-caption-text\">Imagen de <a href=\"http:\/\/www.shutterstock.com\/pic.mhtml?id=146286770&amp;src=lb-31524325\">Shutterstock<\/a>. Autor: <a href=\"http:\/\/www.shutterstock.com\/gallery-5797p1.html\">Gualberto Becerra<\/a><\/figcaption><\/figure>\n<p>\u00bfPor qu\u00e9 crece en Europa la sensaci\u00f3n de que los ciudadanos han perdido la capacidad de determinar cu\u00e1les deban ser las pol\u00edticas p\u00fablicas? \u00bfPor qu\u00e9 hay cada vez m\u00e1s europeos que creen que quienes realmente mandan no son los gobiernos y los parlamentos, sino burocracias internacionales o difusos poderes \u201cf\u00e1cticos\u201d? Precisamos de una Europa que vuelva a ser capaz de contribuir a recrear las condiciones en las que el poder p\u00fablico pueda ser ejercido de forma democr\u00e1tica y eficaz.\t\t<\/p>\n","protected":false},"excerpt":{"rendered":"<p>\u00bfPor qu\u00e9 crece en Europa la sensaci\u00f3n de que los ciudadanos han perdido la capacidad de determinar cu\u00e1les deban ser las pol\u00edticas p\u00fablicas? \u00bfPor qu\u00e9 hay cada vez m\u00e1s europeos que creen que quienes realmente mandan no son los gobiernos y los parlamentos, sino burocracias internacionales o difusos poderes \u201cf\u00e1cticos\u201d? Precisamos de una Europa que &#8230; <a title=\"Cap\u00edtulo 3: \u00bfQu\u00e9 queda de la soberan\u00eda nacional y del Estado Social y Democr\u00e1tico de Derecho europeo tras la crisis?\" class=\"read-more\" href=\"https:\/\/blogs.comillas.edu\/informeespana\/2014\/12\/16\/capitulo-3-que-queda-de-la-soberania-nacional-y-del-estado-social-y-democratico-de-derecho-europeo-tras-la-crisis\/\" aria-label=\"Leer m\u00e1s sobre Cap\u00edtulo 3: \u00bfQu\u00e9 queda de la soberan\u00eda nacional y del Estado Social y Democr\u00e1tico de Derecho europeo tras la crisis?\">Leer m\u00e1s <\/a><\/p>\n","protected":false},"author":333,"featured_media":1927,"comment_status":"open","ping_status":"open","sticky":false,"template":"","format":"standard","meta":{"footnotes":""},"categories":[9,2409,2430],"tags":[222,330,2406,2412,2415],"class_list":["post-1955","post","type-post","status-publish","format-standard","has-post-thumbnail","hentry","category-informe-espana","category-informe-espana-2014-informe-espana-2","category-soberania","tag-crisis","tag-democracia","tag-europa","tag-informe-espana-2014-2","tag-soberania"],"_links":{"self":[{"href":"https:\/\/blogs.comillas.edu\/informeespana\/wp-json\/wp\/v2\/posts\/1955","targetHints":{"allow":["GET"]}}],"collection":[{"href":"https:\/\/blogs.comillas.edu\/informeespana\/wp-json\/wp\/v2\/posts"}],"about":[{"href":"https:\/\/blogs.comillas.edu\/informeespana\/wp-json\/wp\/v2\/types\/post"}],"author":[{"embeddable":true,"href":"https:\/\/blogs.comillas.edu\/informeespana\/wp-json\/wp\/v2\/users\/333"}],"replies":[{"embeddable":true,"href":"https:\/\/blogs.comillas.edu\/informeespana\/wp-json\/wp\/v2\/comments?post=1955"}],"version-history":[{"count":0,"href":"https:\/\/blogs.comillas.edu\/informeespana\/wp-json\/wp\/v2\/posts\/1955\/revisions"}],"wp:featuredmedia":[{"embeddable":true,"href":"https:\/\/blogs.comillas.edu\/informeespana\/wp-json\/"}],"wp:attachment":[{"href":"https:\/\/blogs.comillas.edu\/informeespana\/wp-json\/wp\/v2\/media?parent=1955"}],"wp:term":[{"taxonomy":"category","embeddable":true,"href":"https:\/\/blogs.comillas.edu\/informeespana\/wp-json\/wp\/v2\/categories?post=1955"},{"taxonomy":"post_tag","embeddable":true,"href":"https:\/\/blogs.comillas.edu\/informeespana\/wp-json\/wp\/v2\/tags?post=1955"}],"curies":[{"name":"wp","href":"https:\/\/api.w.org\/{rel}","templated":true}]}}