{"id":1946,"date":"2014-12-15T20:05:19","date_gmt":"2014-12-15T18:05:19","guid":{"rendered":"http:\/\/www.informe-espana.es\/?p=1946"},"modified":"2014-12-15T20:05:19","modified_gmt":"2014-12-15T18:05:19","slug":"crisis-de-la-crisis","status":"publish","type":"post","link":"https:\/\/blogs.comillas.edu\/informeespana\/2014\/12\/15\/crisis-de-la-crisis\/","title":{"rendered":"Consideraciones Generales: Crisis de la \u00abcrisis\u00bb"},"content":{"rendered":"<figure id=\"attachment_1913\" aria-describedby=\"caption-attachment-1913\" style=\"width: 210px\" class=\"wp-caption alignleft\"><a href=\"http:\/\/www.informe-espana.es\/wp-content\/uploads\/2014\/12\/Consideraciones-Generales.jpg\"><img loading=\"lazy\" decoding=\"async\" class=\"wp-image-1913 size-full\" src=\"http:\/\/www.informe-espana.es\/wp-content\/uploads\/2014\/12\/Consideraciones-Generales.jpg\" alt=\"Consideraciones Generales - Informe Espa\u00f1a 2014\" width=\"220\" height=\"220\" \/><\/a><figcaption id=\"caption-attachment-1913\" class=\"wp-caption-text\">Imagen de <a href=\"http:\/\/www.shutterstock.com\/pic.mhtml?id=137137490&amp;src=lb-31524325\">Shutterstock<\/a>. Autor: <a href=\"http:\/\/www.shutterstock.com\/gallery-681547p1.html\">KreativKolors<\/a><\/figcaption><\/figure>\n<p>Existen actitudes que utilizan la crisis \u00fanicamente para darle vueltas a su propio malestar o para hacer de su vida una manifestaci\u00f3n constante de descontento. Esta reacci\u00f3n es comprensible y merece respeto, pero la crisis ha de convertirse en una oportunidad para mejorar la situaci\u00f3n del pa\u00eds. No podemos seguir pensando que los culpables de los problemas que atravesamos son exclusivamente \u201clos otros\u201d. Se trata tambi\u00e9n especialmente de nuestra conducta personal. La situaci\u00f3n hist\u00f3rica pide a voces una \u201cregeneraci\u00f3n\u201d de la comunidad social, pol\u00edtica y econ\u00f3mica.<\/p>\n<p>&nbsp;\t\t<\/p>\n","protected":false},"excerpt":{"rendered":"<p>Existen actitudes que utilizan la crisis \u00fanicamente para darle vueltas a su propio malestar o para hacer de su vida una manifestaci\u00f3n constante de descontento. Esta reacci\u00f3n es comprensible y merece respeto, pero la crisis ha de convertirse en una oportunidad para mejorar la situaci\u00f3n del pa\u00eds. No podemos seguir pensando que los culpables de &#8230; <a title=\"Consideraciones Generales: Crisis de la \u00abcrisis\u00bb\" class=\"read-more\" href=\"https:\/\/blogs.comillas.edu\/informeespana\/2014\/12\/15\/crisis-de-la-crisis\/\" aria-label=\"Leer m\u00e1s sobre Consideraciones Generales: Crisis de la \u00abcrisis\u00bb\">Leer m\u00e1s <\/a><\/p>\n","protected":false},"author":411,"featured_media":1913,"comment_status":"open","ping_status":"open","sticky":false,"template":"","format":"standard","meta":{"footnotes":""},"categories":[2400,9,2409],"tags":[696,387,2403,222,2406,2412,1464,897,2415,2319],"class_list":["post-1946","post","type-post","status-publish","format-standard","has-post-thumbnail","hentry","category-ciudadania-democratica","category-informe-espana","category-informe-espana-2014-informe-espana-2","tag-clase-media","tag-clases-sociales-3","tag-comunidades-autonomas","tag-crisis","tag-europa","tag-informe-espana-2014-2","tag-instituciones","tag-medios-de-comunicacion","tag-soberania","tag-union-europea"],"_links":{"self":[{"href":"https:\/\/blogs.comillas.edu\/informeespana\/wp-json\/wp\/v2\/posts\/1946","targetHints":{"allow":["GET"]}}],"collection":[{"href":"https:\/\/blogs.comillas.edu\/informeespana\/wp-json\/wp\/v2\/posts"}],"about":[{"href":"https:\/\/blogs.comillas.edu\/informeespana\/wp-json\/wp\/v2\/types\/post"}],"author":[{"embeddable":true,"href":"https:\/\/blogs.comillas.edu\/informeespana\/wp-json\/wp\/v2\/users\/411"}],"replies":[{"embeddable":true,"href":"https:\/\/blogs.comillas.edu\/informeespana\/wp-json\/wp\/v2\/comments?post=1946"}],"version-history":[{"count":0,"href":"https:\/\/blogs.comillas.edu\/informeespana\/wp-json\/wp\/v2\/posts\/1946\/revisions"}],"wp:featuredmedia":[{"embeddable":true,"href":"https:\/\/blogs.comillas.edu\/informeespana\/wp-json\/"}],"wp:attachment":[{"href":"https:\/\/blogs.comillas.edu\/informeespana\/wp-json\/wp\/v2\/media?parent=1946"}],"wp:term":[{"taxonomy":"category","embeddable":true,"href":"https:\/\/blogs.comillas.edu\/informeespana\/wp-json\/wp\/v2\/categories?post=1946"},{"taxonomy":"post_tag","embeddable":true,"href":"https:\/\/blogs.comillas.edu\/informeespana\/wp-json\/wp\/v2\/tags?post=1946"}],"curies":[{"name":"wp","href":"https:\/\/api.w.org\/{rel}","templated":true}]}}