{"id":1725,"date":"2014-06-06T14:48:49","date_gmt":"2014-06-06T12:48:49","guid":{"rendered":"http:\/\/www.informe-espana.es\/?p=1725"},"modified":"2014-06-06T14:48:49","modified_gmt":"2014-06-06T12:48:49","slug":"la-crisis-y-el-sistema-de-pensiones-i","status":"publish","type":"post","link":"https:\/\/blogs.comillas.edu\/informeespana\/2014\/06\/06\/la-crisis-y-el-sistema-de-pensiones-i\/","title":{"rendered":"La crisis y el sistema de pensiones (I)"},"content":{"rendered":"<p>\t\t\t\tLa crisis est\u00e1 afectando muy seriamente a la poblaci\u00f3n espa\u00f1ola. Millones de personas han perdido su empleo y un n\u00famero importante de los trabajadores han visto congelado o reducido su salario. Las personas mayores, l\u00f3gicamente, tambi\u00e9n han sufrido el impacto de la crisis en su situaci\u00f3n econ\u00f3mica por varias v\u00edas: a trav\u00e9s de los ingresos que perciben \u2013b\u00e1sicamente las pensiones\u2013 y por haberse vistos en no pocos casos abocados a ayudar a algunos miembros de su red familiar, fundamentalmente hijos que han perdido su empleo y con un elevado nivel de endeudamiento contra\u00eddo durante la \u00e9poca de la \u201cburbuja inmobiliaria\u201d.<\/p>\n<p>Las pensiones constituyen la principal fuente de ingresos de las personas mayores en Espa\u00f1a. El impacto de la crisis ha sido menor en los pensionistas que en los asalariados (<a href=\"http:\/\/www.informe-espana.es\/wp-content\/uploads\/2014\/06\/Capitulo-3-Tabla-18-19-Mayores.pdf\">tabla 18<\/a>). Entre 2008 y 2012, el salario medio subi\u00f3 un 3,5%, al pasar de 22.087 a 22.864 euros anuales. En 2012, el avance respecto a 2011 fue pr\u00e1cticamente nulo, pues aument\u00f3 en apenas siete euros. Frente a ello, en el mismo per\u00edodo, las pensiones contributivas aumentaron un 15,3% y las no contributivas un 8,5%. El elevado incremento de las pensiones contributivas es resultado del denominado \u201cefecto sustituci\u00f3n\u201d: las nuevas pensiones que se incorporan al sistema (con largas carreras de cotizaci\u00f3n) son mucho m\u00e1s altas que las pensiones de las personas de m\u00e1s edad que fallecen (<a href=\"http:\/\/www.informe-espana.es\/wp-content\/uploads\/2014\/06\/Capitulo-3-Tabla-18-19-Mayores.pdf\">tabla 19<\/a>). Por ello, lo l\u00f3gico es comparar la evoluci\u00f3n de los salarios con la revalorizaci\u00f3n de las pensiones establecida por ley. Bajo este par\u00e1metro, las pensiones amentaron un 5,8% entre 2008 y 2011, frente al 3,5% de los salarios. Esta ventaja no ha supuesto, en todo caso, ganancia de poder adquisitivo para los pensionistas, ya que el IPC en ese per\u00edodo se increment\u00f3 en 7,3 puntos.<\/p>\n<p><a href=\"http:\/\/www.informe-espana.es\/wp-content\/uploads\/2014\/06\/Capitulo-3-Tabla-18-Mayores.jpg\"><img loading=\"lazy\" decoding=\"async\" class=\"aligncenter wp-image-1727\" src=\"http:\/\/www.informe-espana.es\/wp-content\/uploads\/2014\/06\/Capitulo-3-Tabla-18-Mayores.jpg\" alt=\"Capitulo-3-Tabla-18-Mayores\" width=\"650\" height=\"293\" \/><\/a><\/p>\n<p>&nbsp;<\/p>\n<p><a href=\"http:\/\/www.informe-espana.es\/wp-content\/uploads\/2014\/06\/Capitulo-3-Tabla-19-Mayores.jpg\"><img loading=\"lazy\" decoding=\"async\" class=\"wp-image-1728 aligncenter\" src=\"http:\/\/www.informe-espana.es\/wp-content\/uploads\/2014\/06\/Capitulo-3-Tabla-19-Mayores.jpg\" alt=\"Capitulo-3-Tabla-19-Mayores\" width=\"650\" height=\"171\" \/><\/a><\/p>\n<p>El principal impacto de la crisis econ\u00f3mica sobre el sistema de pensiones es la reducci\u00f3n de los ingresos por cotizaciones a la Seguridad Social, como consecuencia del descenso de la actividad econ\u00f3mica y, en consecuencia, del empleo. Como se puede apreciar en el gr\u00e1fico 8, los ingresos por cotizaciones crecieron de forma continuada y a un elevado ritmo entre 2005 y 2008, muy por encima del aumento del gasto en pensiones contributivas. Este proceso permiti\u00f3 acumular un importante Fondo de Reserva. A partir de 2008, los ingresos por cotizaciones empiezan a descender, mientras que los gastos contin\u00faan aumentando, aunque su ritmo se ralentiza a partir de 2010. En 2012 se produce el primer d\u00e9ficit del sistema de pensiones en este siglo y tambi\u00e9n por primera vez es preciso hacer uso del Fondo de Reserva.<\/p>\n<p><strong>Gr\u00e1fico 8 \u2013 Evoluci\u00f3n de los ingresos por cotizaciones de la Seguridad Social y de los gastos en pensiones contributivas. En millones de euros. 2005-2013<\/strong><\/p>\n<p><a href=\"http:\/\/www.informe-espana.es\/wp-content\/uploads\/2014\/06\/G08.jpg\"><img loading=\"lazy\" decoding=\"async\" class=\"aligncenter wp-image-1729\" src=\"http:\/\/www.informe-espana.es\/wp-content\/uploads\/2014\/06\/G08.jpg\" alt=\"G08\" width=\"500\" height=\"301\" \/><\/a><\/p>\n<p>(*) Datos hasta julio.<br \/>\n<strong>Fuente:<\/strong> Elaboraci\u00f3n Fundaci\u00f3n Encuentro a partir de Ministerio de Empleo y Seguridad Social, <em>Sistema de la Seguridad Social. Resumen de ejecuci\u00f3n del presupuesto<\/em>, varios n\u00fameros.<\/p>\n<p>Las previsiones econ\u00f3micas no auguran una r\u00e1pida recuperaci\u00f3n de la actividad econ\u00f3mica y del empleo que permita volver a un nivel de ingresos capaz de cubrir los gastos en pensiones derivados de las condiciones actualmente establecidas. A ello hay que unir el hecho de que tambi\u00e9n la rebaja de salarios que se est\u00e1 produciendo y promoviendo como una de las v\u00edas de salida a la crisis impacta de lleno en la recaudaci\u00f3n por cotizaciones. Seg\u00fan el INE, en 2011, el salario m\u00e1s frecuente en Espa\u00f1a era de 15.500 euros anuales, mientras que en 2010 superaba los 16.000 euros. Seg\u00fan estos datos, casi la cuarta parte de los pensionistas espa\u00f1oles (23,3%), tiene ya unos ingresos\u00a0superiores\u00a0al tramo salarial m\u00e1s frecuente entre los trabajadores en activo.<\/p>\n<p>Por el lado de los pensionistas, la \u201ctregua demogr\u00e1fica\u201d (gr\u00e1fico 9) que ha supuesto la incorporaci\u00f3n de la menguada generaci\u00f3n de la guerra y la inmediata posguerra dar\u00e1 paso a la entrada en el sistema de las generaciones del <em>baby-boom<\/em>, las m\u00e1s numerosas, con una esperanza de vida m\u00e1s elevada y, al menos en un primer momento, con pensiones m\u00e1s altas. El resultado no puede ser otro que el deterioro a corto plazo del balance del sistema de pensiones y una incertidumbre mucho mayor respecto al medio y largo plazo por razones demogr\u00e1ficas. Aunque no hubi\u00e9ramos sufrido una crisis econ\u00f3mica o no hubiera sido tan profunda, igualmente tendr\u00edamos que reformar nuestro sistema de pensiones, como lo han hecho o est\u00e1n haciendo los pa\u00edses de nuestro entorno, que vivieron el <em>baby-boom<\/em> con una d\u00e9cada de antelaci\u00f3n a nosotros. Espa\u00f1a inici\u00f3 su proceso de reforma del sistema de pensiones con el Pacto de Toledo en 1995 y se han ido tomando numerosas medidas para garantizar la sostenibilidad del sistema. El per\u00edodo de crecimiento econ\u00f3mico m\u00e1s largo de nuestra historia y la llegada masiva de inmigrantes econ\u00f3micos rest\u00f3 urgencia a las reformas de mayor calado, que hoy reaparecen con fuerza en el contexto de una crisis de deuda que limita a\u00fan m\u00e1s las alternativas de respuesta.<\/p>\n<p><strong>Gr\u00e1fico 9 \u2013 Evoluci\u00f3n del n\u00famero de altas iniciales de pensiones por clase. 1980-2012\u00a0<\/strong><\/p>\n<p><strong><a href=\"http:\/\/www.informe-espana.es\/wp-content\/uploads\/2014\/06\/G09.jpg\"><img loading=\"lazy\" decoding=\"async\" class=\"wp-image-1730 aligncenter\" src=\"http:\/\/www.informe-espana.es\/wp-content\/uploads\/2014\/06\/G09.jpg\" alt=\"G09\" width=\"500\" height=\"277\" \/><\/a><\/strong><\/p>\n<p>(1) Hasta 1984 se inclu\u00edan las altas por traslado entre provincias. (2) No incluye MUNPAL. (3) Las cifras de este a\u00f1o est\u00e1n afectadas por la nueva normativa de concurrencia de las pensiones SOVI.<br \/>\n<strong>Fuente:<\/strong> Elaboraci\u00f3n Fundaci\u00f3n Encuentro a partir de Ministerio de Empleo y Seguridad Social, <em>Anuario de estad\u00edsticas del Ministerio de Empleo y Seguridad Social<\/em>, varios a\u00f1os.\t\t<\/p>\n","protected":false},"excerpt":{"rendered":"<p>La crisis est\u00e1 afectando muy seriamente a la poblaci\u00f3n espa\u00f1ola. Millones de personas han perdido su empleo y un n\u00famero importante de los trabajadores han visto congelado o reducido su salario. Las personas mayores, l\u00f3gicamente, tambi\u00e9n han sufrido el impacto de la crisis en su situaci\u00f3n econ\u00f3mica por varias v\u00edas: a trav\u00e9s de los ingresos &#8230; <a title=\"La crisis y el sistema de pensiones (I)\" class=\"read-more\" href=\"https:\/\/blogs.comillas.edu\/informeespana\/2014\/06\/06\/la-crisis-y-el-sistema-de-pensiones-i\/\" aria-label=\"Leer m\u00e1s sobre La crisis y el sistema de pensiones (I)\">Leer m\u00e1s <\/a><\/p>\n","protected":false},"author":360,"featured_media":713,"comment_status":"open","ping_status":"open","sticky":false,"template":"","format":"standard","meta":{"footnotes":""},"categories":[9,1842,1845],"tags":[1416,222,36,228,1581,1848,18,2277,2280,2283,108],"class_list":["post-1725","post","type-post","status-publish","format-standard","has-post-thumbnail","hentry","category-informe-espana","category-informe-espana-2013","category-mayores","tag-asalariados","tag-crisis","tag-empleo","tag-familia","tag-ingresos","tag-mayores","tag-paro","tag-pensiones","tag-pensionistas","tag-salario","tag-trabajadores"],"_links":{"self":[{"href":"https:\/\/blogs.comillas.edu\/informeespana\/wp-json\/wp\/v2\/posts\/1725","targetHints":{"allow":["GET"]}}],"collection":[{"href":"https:\/\/blogs.comillas.edu\/informeespana\/wp-json\/wp\/v2\/posts"}],"about":[{"href":"https:\/\/blogs.comillas.edu\/informeespana\/wp-json\/wp\/v2\/types\/post"}],"author":[{"embeddable":true,"href":"https:\/\/blogs.comillas.edu\/informeespana\/wp-json\/wp\/v2\/users\/360"}],"replies":[{"embeddable":true,"href":"https:\/\/blogs.comillas.edu\/informeespana\/wp-json\/wp\/v2\/comments?post=1725"}],"version-history":[{"count":0,"href":"https:\/\/blogs.comillas.edu\/informeespana\/wp-json\/wp\/v2\/posts\/1725\/revisions"}],"wp:featuredmedia":[{"embeddable":true,"href":"https:\/\/blogs.comillas.edu\/informeespana\/wp-json\/"}],"wp:attachment":[{"href":"https:\/\/blogs.comillas.edu\/informeespana\/wp-json\/wp\/v2\/media?parent=1725"}],"wp:term":[{"taxonomy":"category","embeddable":true,"href":"https:\/\/blogs.comillas.edu\/informeespana\/wp-json\/wp\/v2\/categories?post=1725"},{"taxonomy":"post_tag","embeddable":true,"href":"https:\/\/blogs.comillas.edu\/informeespana\/wp-json\/wp\/v2\/tags?post=1725"}],"curies":[{"name":"wp","href":"https:\/\/api.w.org\/{rel}","templated":true}]}}