{"id":1617,"date":"2013-01-17T12:42:17","date_gmt":"2013-01-17T10:42:17","guid":{"rendered":"http:\/\/www.informe-espana.es\/?p=1617"},"modified":"2013-01-17T12:42:17","modified_gmt":"2013-01-17T10:42:17","slug":"sanidad-la-crisis-incrementa-las-necesidades-y-la-utilizacion-de-servicios-sensibles","status":"publish","type":"post","link":"https:\/\/blogs.comillas.edu\/informeespana\/2013\/01\/17\/sanidad-la-crisis-incrementa-las-necesidades-y-la-utilizacion-de-servicios-sensibles\/","title":{"rendered":"Sanidad: la crisis incrementa las necesidades y la utilizaci\u00f3n de servicios sensibles"},"content":{"rendered":"<p style=\"color: #494949\">La evidencia sugiere que el impacto inmediato de la crisis va a ser especialmente duro en salud mental. Pocos estudios controlan por estructura social y salud o cuentan con datos de representatividad suficiente. El trabajo de Gili y colaboradores (gr\u00e1fico 1) cumple criterios de excelencia y demuestra con fundamento aumentos de las visitas en atenci\u00f3n primaria entre 2006 y 2010 del 20% en depresi\u00f3n mayor (ajustado por edad, sexo, renta, educaci\u00f3n, empleo, estado civil y \u00e1mbito rural\/urbano) y del 5%-10% en otros problemas relacionados (distimia, ansiedad, abuso de alcohol, etc.). Aumentan tambi\u00e9n las visitas por enfermedades transmisibles y el consumo de f\u00e1rmacos sensibles como antidepresivos y antidiab\u00e9ticos (gr\u00e1fico 2). En contraste, en la d\u00e9cada previa caen las consultas por habitante (gr\u00e1fico 3).<\/p>\n<p style=\"color: #494949\"><strong>Gr\u00e1fico 1 \u2013 Aumento de los problemas de salud mental en atenci\u00f3n primaria. En porcentaje. 2006-2010<\/strong><\/p>\n<p style=\"color: #494949\"><a href=\"http:\/\/www.informe-espana.es\/wp-content\/uploads\/2014\/05\/Sanidad-G01-Fundacion-Encuentro.jpg\"><img loading=\"lazy\" decoding=\"async\" class=\"aligncenter wp-image-1599\" src=\"http:\/\/www.informe-espana.es\/wp-content\/uploads\/2014\/05\/Sanidad-G01-Fundacion-Encuentro.jpg\" alt=\"Gr\u00e1fico 1 \u2013 Aumento de los problemas de salud mental en atenci\u00f3n primaria. En porcentaje. 2006-2010 - Informe Espa\u00f1a 2012 - Fundaci\u00f3n Encuentro\" width=\"500\" height=\"322\" \/><\/a><\/p>\n<p style=\"color: #494949\"><strong>Fuente:\u00a0<\/strong>Gili, M., Roca, M., Basu, S., Stuckler, D. y McKee, D. (2012): \u201cT<em>he mental health risks of economic crisis in Spain: evidence from primary care centres, 2006 and 2010<\/em>\u201d, en European Journal of Public Health, 22(2).<\/p>\n<p style=\"color: #494949\"><strong>Gr\u00e1fico 2 \u2013 Evoluci\u00f3n del consumo de medicaci\u00f3n sensible a la crisis en pa\u00edses de la OCDE. 2000-2009<\/strong><\/p>\n<p style=\"color: #494949\"><a href=\"http:\/\/www.informe-espana.es\/wp-content\/uploads\/2014\/05\/Sanidad-G02-Fundacion-Encuentro.jpg\"><img loading=\"lazy\" decoding=\"async\" class=\"aligncenter wp-image-1600\" src=\"http:\/\/www.informe-espana.es\/wp-content\/uploads\/2014\/05\/Sanidad-G02-Fundacion-Encuentro.jpg\" alt=\"Gr\u00e1fico 2 \u2013 Evoluci\u00f3n del consumo de medicaci\u00f3n sensible a la crisis en pa\u00edses de la OCDE. 2000-2009 - Informe Espa\u00f1a 2012 - Fundaci\u00f3n Encuentro\" width=\"500\" height=\"404\" \/><\/a><\/p>\n<p style=\"color: #494949\"><strong>Fuente:\u00a0<\/strong>OCDE:\u00a0<em>Health Data<\/em>.<\/p>\n<p style=\"color: #494949\"><strong>Gr\u00e1fico 3 \u2013 Consultas por habitante y a\u00f1o (2009) e incremento en pa\u00edses de la OCDE. 2000-2009<\/strong><\/p>\n<p style=\"color: #494949\"><a href=\"http:\/\/www.informe-espana.es\/wp-content\/uploads\/2014\/05\/Sanidad-G03-Fundacion-Encuentro.jpg\"><img loading=\"lazy\" decoding=\"async\" class=\"aligncenter wp-image-1601\" src=\"http:\/\/www.informe-espana.es\/wp-content\/uploads\/2014\/05\/Sanidad-G03-Fundacion-Encuentro.jpg\" alt=\"Gr\u00e1fico 3 \u2013 Consultas por habitante y a\u00f1o (2009) e incremento en pa\u00edses de la OCDE. 2000-2009 - Informe Espa\u00f1a 2012 - Fundaci\u00f3n Encuentro\" width=\"500\" height=\"428\" \/><\/a><\/p>\n<p style=\"color: #494949\"><strong>Fuente:\u00a0<\/strong>OCDE:\u00a0<em>Health Data<\/em>.<\/p>\n<p style=\"color: #494949\">En los hospitales, aumentan las urgencias \u2013muy altas\u2013. Disminuyen los ingresos medios \u2013ya en m\u00ednimos europeos\u2013, aunque aumentan en patolog\u00edas sensibles: circulatorias, accidentes, suicidios y tumores (gr\u00e1fico 4). La cirug\u00eda cardiaca de alta tecnolog\u00eda aumenta tras la crisis y alcanza m\u00e1ximos en la OCDE (gr\u00e1fico 5). Desciende la actividad en enfermedades respiratorias y complicaciones del embarazo. Ello puede reflejar impactos indirectos positivos de la crisis (ca\u00edda de la contaminaci\u00f3n y la natalidad \u2013INE, 2012\u2013), o bien efectos intencionados de los recortes (ajustes compensatorios por los aumentos en tecnolog\u00eda y farmacia, en patolog\u00edas asociadas a la pobreza). En este \u00faltimo caso, generar\u00edan gasto diferido, mortalidad evitable y secuelas de por vida en neonatos, madres recientes y enfermos cr\u00f3nicos.<\/p>\n<p style=\"color: #494949\"><strong>Gr\u00e1fico 4 \u2013 Ingresos hospitalarios. 2009-2010\u00a0<\/strong><\/p>\n<p style=\"color: #494949\"><a href=\"http:\/\/www.informe-espana.es\/wp-content\/uploads\/2014\/05\/Sanidad-G04-Fundacion-Encuentro.jpg\"><img loading=\"lazy\" decoding=\"async\" class=\"aligncenter wp-image-1602\" src=\"http:\/\/www.informe-espana.es\/wp-content\/uploads\/2014\/05\/Sanidad-G04-Fundacion-Encuentro.jpg\" alt=\"Gr\u00e1fico 4 \u2013 Ingresos hospitalarios. 2009-2010  - Informe Espa\u00f1a 2012 - Fundaci\u00f3n Encuentro\" width=\"500\" height=\"155\" \/><\/a><\/p>\n<p style=\"color: #494949\"><strong>Fuente:\u00a0<\/strong>INE,\u00a0<em>Estad\u00edstica de establecimientos sanitarios con r\u00e9gimen de internado<\/em>, varios a\u00f1os.<\/p>\n<p style=\"color: #494949\"><strong>Gr\u00e1fico 5 &#8211; Angioplastias coronarias en algunos pa\u00edses de la OCDE. Porcentaje del total de revascularizaciones. 2000-2009<\/strong><\/p>\n<p style=\"color: #494949\"><a href=\"http:\/\/www.informe-espana.es\/wp-content\/uploads\/2014\/05\/Sanidad-G05-Fundacion-Encuentro.jpg\"><img loading=\"lazy\" decoding=\"async\" class=\"aligncenter wp-image-1603\" src=\"http:\/\/www.informe-espana.es\/wp-content\/uploads\/2014\/05\/Sanidad-G05-Fundacion-Encuentro.jpg\" alt=\"Gr\u00e1fico 5 - Angioplastias coronarias en algunos pa\u00edses de la OCDE. Porcentaje del total de revascularizaciones. 2000-2009 - Informe Espa\u00f1a 2012 - Fundaci\u00f3n Encuentro\" width=\"500\" height=\"336\" \/><\/a><\/p>\n<p style=\"color: #494949\"><strong>Fuente: \u00a0<\/strong>OCDE,\u00a0<em>Health Data.<\/em><\/p>\n","protected":false},"excerpt":{"rendered":"<p>La evidencia sugiere que el impacto inmediato de la crisis va a ser especialmente duro en salud mental. Pocos estudios controlan por estructura social y salud o cuentan con datos de representatividad suficiente. El trabajo de Gili y colaboradores (gr\u00e1fico 1) cumple criterios de excelencia y demuestra con fundamento aumentos de las visitas en atenci\u00f3n &#8230; <a title=\"Sanidad: la crisis incrementa las necesidades y la utilizaci\u00f3n de servicios sensibles\" class=\"read-more\" href=\"https:\/\/blogs.comillas.edu\/informeespana\/2013\/01\/17\/sanidad-la-crisis-incrementa-las-necesidades-y-la-utilizacion-de-servicios-sensibles\/\" aria-label=\"Leer m\u00e1s sobre Sanidad: la crisis incrementa las necesidades y la utilizaci\u00f3n de servicios sensibles\">Leer m\u00e1s <\/a><\/p>\n","protected":false},"author":342,"featured_media":1216,"comment_status":"open","ping_status":"open","sticky":false,"template":"","format":"standard","meta":{"footnotes":""},"categories":[9,1278,1374],"tags":[1593,222,1596,1599,1602,1605,1371],"class_list":["post-1617","post","type-post","status-publish","format-standard","has-post-thumbnail","hentry","category-informe-espana","category-informe-espana-2012","category-sanidad-informe-espana-2012","tag-atencion-primaria","tag-crisis","tag-depresion","tag-enfermedades-respiratorias","tag-ingresos-hospitalarios","tag-patologias","tag-sanidad"],"_links":{"self":[{"href":"https:\/\/blogs.comillas.edu\/informeespana\/wp-json\/wp\/v2\/posts\/1617","targetHints":{"allow":["GET"]}}],"collection":[{"href":"https:\/\/blogs.comillas.edu\/informeespana\/wp-json\/wp\/v2\/posts"}],"about":[{"href":"https:\/\/blogs.comillas.edu\/informeespana\/wp-json\/wp\/v2\/types\/post"}],"author":[{"embeddable":true,"href":"https:\/\/blogs.comillas.edu\/informeespana\/wp-json\/wp\/v2\/users\/342"}],"replies":[{"embeddable":true,"href":"https:\/\/blogs.comillas.edu\/informeespana\/wp-json\/wp\/v2\/comments?post=1617"}],"version-history":[{"count":0,"href":"https:\/\/blogs.comillas.edu\/informeespana\/wp-json\/wp\/v2\/posts\/1617\/revisions"}],"wp:featuredmedia":[{"embeddable":true,"href":"https:\/\/blogs.comillas.edu\/informeespana\/wp-json\/"}],"wp:attachment":[{"href":"https:\/\/blogs.comillas.edu\/informeespana\/wp-json\/wp\/v2\/media?parent=1617"}],"wp:term":[{"taxonomy":"category","embeddable":true,"href":"https:\/\/blogs.comillas.edu\/informeespana\/wp-json\/wp\/v2\/categories?post=1617"},{"taxonomy":"post_tag","embeddable":true,"href":"https:\/\/blogs.comillas.edu\/informeespana\/wp-json\/wp\/v2\/tags?post=1617"}],"curies":[{"name":"wp","href":"https:\/\/api.w.org\/{rel}","templated":true}]}}