{"id":1494,"date":"2013-07-19T09:25:27","date_gmt":"2013-07-19T07:25:27","guid":{"rendered":"http:\/\/www.informe-espana.es\/?p=1494"},"modified":"2013-07-19T09:25:27","modified_gmt":"2013-07-19T07:25:27","slug":"desigualdades-de-clase-en-espana-y-en-la-ue","status":"publish","type":"post","link":"https:\/\/blogs.comillas.edu\/informeespana\/2013\/07\/19\/desigualdades-de-clase-en-espana-y-en-la-ue\/","title":{"rendered":"Desigualdades de clase en Espa\u00f1a y en la UE"},"content":{"rendered":"<p style=\"color: #494949\">En Espa\u00f1a, nacer y socializarse en una\u00a0<strong>familia\u00a0<\/strong>obrera supone mayor desventaja que hacerlo en esa misma\u00a0<strong>clase\u00a0<\/strong>en un pa\u00eds central europeo. El\u00a0<strong>gr\u00e1fico 12<\/strong>\u00a0corrobora la misma pauta de<strong>desigualdad clasista\u00a0<\/strong>con datos de Eurostat, desagregando or\u00edgenes de clase y g\u00e9nero en el acceso al agregado superior t\u00e9cnico I-II-V. Los hombres y mujeres espa\u00f1oles de procedencia obrera se sit\u00faan a la cola de la UE-25. La mayor\u00a0<strong>igualdad de oportunidade<\/strong>s en el acceso a dicho agregado se da en Alemania. Los hijos obreros italianos y franceses se sit\u00faan, en cambio, en la media europea, de la que se alejan sus pares espa\u00f1oles.<\/p>\n<p style=\"color: #494949\">En esta desventaja tiene que ver no s\u00f3lo la singularidad hist\u00f3rica y macroecon\u00f3mica diferencial entre pa\u00edses, sino tambi\u00e9n la<strong>\u00a0singularidad de sus sistemas educativos y productivos<\/strong>. Mientras que los pa\u00edses mediterr\u00e1neos como Espa\u00f1a o Italia cuentan con sistemas escolares de formaci\u00f3n profesional y una estricta divisi\u00f3n taylorista entre el trabajo manual y las ingenier\u00edas, en pa\u00edses como Alemania y Holanda predomina la formaci\u00f3n profesional dual y el reconocimiento social de cualificaciones t\u00e9cnicas (clase V), sin que la divisi\u00f3n taylorista y clasista del trabajo haya cuajado con tanta fuerza como en los pa\u00edses cat\u00f3licos y mediterr\u00e1neos como el nuestro.<\/p>\n<p style=\"color: #494949\"><strong>Gr\u00e1fico 12 \u2013 Probabilidad de enclasamiento en I-II-V (alta experta-t\u00e9cnica) de la poblaci\u00f3n de 25 a 65 seg\u00fan or\u00edgenes de clase por pa\u00edses y sexo. En porcentaje. 2005<\/strong><\/p>\n<p style=\"color: #494949\"><a href=\"http:\/\/www.informe-espana.es\/wp-content\/uploads\/2014\/05\/Educacion_G12.jpg\"><img loading=\"lazy\" decoding=\"async\" class=\"aligncenter wp-image-1495\" src=\"http:\/\/www.informe-espana.es\/wp-content\/uploads\/2014\/05\/Educacion_G12.jpg\" alt=\"Gr\u00e1fico 12 \u2013 Probabilidad de enclasamiento en I-II-V (alta experta-t\u00e9cnica) de la poblaci\u00f3n de 25 a 65 seg\u00fan or\u00edgenes de clase por pa\u00edses y sexo. En porcentaje. 2005 - Informe Espa\u00f1a 2012 - Fundaci\u00f3n Encuentro\" width=\"500\" height=\"321\" \/><\/a><\/p>\n<p style=\"color: #494949\">\n<p style=\"color: #494949\"><strong>Fuente:\u00a0<\/strong>Elaboraci\u00f3n Fundaci\u00f3n Encuentro (2008):\u00a0<em>The social situation in the European Union 2007.<\/em><\/p>\n<p style=\"color: #494949\">La\u00a0<strong>perspectiva\u00a0<em>outflow\u00a0<\/em>o movilidad de salida<\/strong>\u00a0permite capturar el modelo de relaciones de clase y de desigualdad de oportunidades predominante en cada pa\u00eds estudiado. En cambio, la\u00a0<strong>perspectiva\u00a0<em>inflow\u00a0<\/em>o movilidad de entrada<\/strong>\u00a0que presenta la\u00a0<strong><a href=\"http:\/\/www.informe-espana.es\/wp-content\/uploads\/2014\/05\/Capitulo_02_Tabla_6_Informe_Espa\u00f1a_2012.pdf\">tabla 6<\/a><\/strong>\u00a0permite detallar c\u00f3mo son reclutados los miembros de las actuales clases de destino. Del 22% de los actuales miembros de la clase profesional experta I-II, uno de cada cinco proviene de la misma clase I-II. Si se suman los reclutados que provienen de las clases medias en conjunto (I-II-III-IVab), asciende al 55%, con una elevada sobrerrepresentaci\u00f3n, dado que la suma de sus or\u00edgenes es del 31%. El restante 45% de actuales miembros de la clase I-II tiene or\u00edgenes obreros (31%) y agrarios (14%), estando subrepresentados, pues sus or\u00edgenes sumados alcanzan el 69% del total. Por tanto, el aparente interclasismo de entrada a nuestra clase superior quedar\u00eda matizado si se agregan los or\u00edgenes y se contrasta su representatividad.<\/p>\n<p style=\"color: #494949\">El reclutamiento de la clase III de\u00a0<strong>empleados de cuello blanco<\/strong>\u00a0(19,4%) es el que guarda mayor equidad y representatividad respecto a la estructura de or\u00edgenes. Por tanto, ser\u00eda la clase afluyente con mayor igualdad de entrada, que s\u00f3lo se restringe para los or\u00edgenes agrarios. La peque\u00f1a burgues\u00eda urbana (IVab), que supone el 15,2% del total de destinos, tambi\u00e9n resulta ser una clase afluyente, pero con menor representatividad y equidad de acceso que la clase III. La principal raz\u00f3n es la menor inclinaci\u00f3n de los hijos de la clase experta superior I-II a emprender peque\u00f1os negocios (s\u00f3lo el 3% proviene de dicho origen) y la sobrerrepresentaci\u00f3n de los hijos de agricultores (IVc), que han reconvertido su cultura y habilidades de la peque\u00f1a propiedad rural al entorno urbano (el 20% de la actual peque\u00f1a burgues\u00eda urbana proviene de dicho origen).<\/p>\n<p style=\"color: #494949\">La entrada a la\u00a0<strong>clase obrera cualificada<\/strong>, cuadros y t\u00e9cnicos de nivel auxiliar (V-VI), que suma un 18,4% del total de destinos, est\u00e1 mucho m\u00e1s sesgada hacia el reclutamiento de origen obrero y agrario. El 57% de sus miembros procede de las clases obreras urbanas (V-VI-VIIa) y otro 26% proviene de las clases agrarias (IVc-VIIb). El restante 17% de sus efectivos es reclutado desde el descenso social de las clases medias. Cabe destacar una fuerte herencia de entrada (40%) de hijos que proceden del mismo origen, confirmando su consistencia de clase.<\/p>\n<p style=\"color: #494949\">En la\u00a0<strong>clase obrera poco cualificada<\/strong>\u00a0de la industria y los servicios (VIIa), que representa el 23% del total de destinos, se repite la misma pauta de reclutamiento que en la clase obrera V-VI, aunque con menor herencia de entrada (25%) desde los mismos or\u00edgenes. En cambio, entre el 3% de los jornaleros agrarios (VIIb) se da una mayor herencia de entrada (49%), que alcanza el 65% si sumamos los dos or\u00edgenes agrarios.<\/p>\n","protected":false},"excerpt":{"rendered":"<p>En Espa\u00f1a, nacer y socializarse en una\u00a0familia\u00a0obrera supone mayor desventaja que hacerlo en esa misma\u00a0clase\u00a0en un pa\u00eds central europeo. El\u00a0gr\u00e1fico 12\u00a0corrobora la misma pauta dedesigualdad clasista\u00a0con datos de Eurostat, desagregando or\u00edgenes de clase y g\u00e9nero en el acceso al agregado superior t\u00e9cnico I-II-V. Los hombres y mujeres espa\u00f1oles de procedencia obrera se sit\u00faan a la &#8230; <a title=\"Desigualdades de clase en Espa\u00f1a y en la UE\" class=\"read-more\" href=\"https:\/\/blogs.comillas.edu\/informeespana\/2013\/07\/19\/desigualdades-de-clase-en-espana-y-en-la-ue\/\" aria-label=\"Leer m\u00e1s sobre Desigualdades de clase en Espa\u00f1a y en la UE\">Leer m\u00e1s <\/a><\/p>\n","protected":false},"author":471,"featured_media":1491,"comment_status":"open","ping_status":"open","sticky":false,"template":"","format":"standard","meta":{"footnotes":""},"categories":[1275,9,1278],"tags":[612,387,501,762,1872,975,744,729,732],"class_list":["post-1494","post","type-post","status-publish","format-standard","has-post-thumbnail","hentry","category-educacion-informe-espana-2012","category-informe-espana","category-informe-espana-2012","tag-clase-obrera","tag-clases-sociales-3","tag-educacion","tag-empleados","tag-formacion-profesional","tag-industria","tag-ocupaciones-de-cuello-blanco","tag-trabajadores-cualificados","tag-trabajadores-no-cualificados"],"_links":{"self":[{"href":"https:\/\/blogs.comillas.edu\/informeespana\/wp-json\/wp\/v2\/posts\/1494","targetHints":{"allow":["GET"]}}],"collection":[{"href":"https:\/\/blogs.comillas.edu\/informeespana\/wp-json\/wp\/v2\/posts"}],"about":[{"href":"https:\/\/blogs.comillas.edu\/informeespana\/wp-json\/wp\/v2\/types\/post"}],"author":[{"embeddable":true,"href":"https:\/\/blogs.comillas.edu\/informeespana\/wp-json\/wp\/v2\/users\/471"}],"replies":[{"embeddable":true,"href":"https:\/\/blogs.comillas.edu\/informeespana\/wp-json\/wp\/v2\/comments?post=1494"}],"version-history":[{"count":0,"href":"https:\/\/blogs.comillas.edu\/informeespana\/wp-json\/wp\/v2\/posts\/1494\/revisions"}],"wp:featuredmedia":[{"embeddable":true,"href":"https:\/\/blogs.comillas.edu\/informeespana\/wp-json\/"}],"wp:attachment":[{"href":"https:\/\/blogs.comillas.edu\/informeespana\/wp-json\/wp\/v2\/media?parent=1494"}],"wp:term":[{"taxonomy":"category","embeddable":true,"href":"https:\/\/blogs.comillas.edu\/informeespana\/wp-json\/wp\/v2\/categories?post=1494"},{"taxonomy":"post_tag","embeddable":true,"href":"https:\/\/blogs.comillas.edu\/informeespana\/wp-json\/wp\/v2\/tags?post=1494"}],"curies":[{"name":"wp","href":"https:\/\/api.w.org\/{rel}","templated":true}]}}