{"id":1460,"date":"2014-04-25T14:57:05","date_gmt":"2014-04-25T12:57:05","guid":{"rendered":"http:\/\/www.informe-espana.es\/?p=1460"},"modified":"2014-04-25T14:57:05","modified_gmt":"2014-04-25T12:57:05","slug":"escasa-participacion-civica-debil-capital-social","status":"publish","type":"post","link":"https:\/\/blogs.comillas.edu\/informeespana\/2014\/04\/25\/escasa-participacion-civica-debil-capital-social\/","title":{"rendered":"Escasa participaci\u00f3n c\u00edvica, d\u00e9bil capital social"},"content":{"rendered":"<p>\t\t\t\t\u00bfCu\u00e1l es la participaci\u00f3n c\u00edvica de los ciudadanos espa\u00f1oles? A partir de diferentes bar\u00f3metros del CIS, en la tabla 4 se observa el porcentaje de la poblaci\u00f3n de 18 y m\u00e1s a\u00f1os que pertenece a una o m\u00e1s asociaciones durante el per\u00edodo 1996-2012. Destaca la disminuci\u00f3n del porcentaje de asociacionismo que se produce de 1996 hasta 2009 y el incremento, de algo m\u00e1s de dos puntos porcentuales, entre 2009 y 2012.<\/p>\n<p><b>Tabla 4 \u2013 Evoluci\u00f3n de la poblaci\u00f3n de 18 y m\u00e1s a\u00f1os que pertenece a una o m\u00e1s asociaciones, grupos u organizaciones. En porcentaje. 1996-2012<\/b><\/p>\n<table class=\"tablepress tablepress-id-6\" id=\"tablepress-6\" style=\"width: 100%\" border=\"0\" cellspacing=\"0\" cellpadding=\"0\" align=\"center\">\n<thead>\n<tr style=\"background-color: #d9edf7\">\n<td nowrap=\"nowrap\" width=\"275\"><\/td>\n<td style=\"text-align: center\" nowrap=\"nowrap\"><b>Pertenezco a una asociaci\u00f3n, grupo u organizaci\u00f3n<\/b><\/td>\n<\/tr>\n<\/thead>\n<tbody class=\"row-hover\">\n<tr class=\"row-2 even\">\n<td nowrap=\"nowrap\" width=\"275\">1996<\/td>\n<td style=\"text-align: right\" nowrap=\"nowrap\" width=\"66\">36,1<\/td>\n<\/tr>\n<tr class=\"row-3 odd\">\n<td nowrap=\"nowrap\" width=\"275\">2002<\/td>\n<td style=\"text-align: right\" nowrap=\"nowrap\" width=\"66\">31,5<\/td>\n<\/tr>\n<tr class=\"row-2 even\">\n<td nowrap=\"nowrap\" width=\"275\">2006<\/td>\n<td style=\"text-align: right\" nowrap=\"nowrap\" width=\"66\">32,5<\/td>\n<\/tr>\n<tr class=\"row-3 odd\">\n<td nowrap=\"nowrap\" width=\"275\">2009<\/td>\n<td style=\"text-align: right\" nowrap=\"nowrap\" width=\"66\">28,5<\/td>\n<\/tr>\n<tr class=\"row-2 even\">\n<td nowrap=\"nowrap\" width=\"275\">2012<\/td>\n<td style=\"text-align: right\" nowrap=\"nowrap\" width=\"66\">30,8<\/td>\n<\/tr>\n<\/tbody>\n<\/table>\n<p><b>Fuente: <\/b>Elaboraci\u00f3n Fundaci\u00f3n Encuentro a partir de CIS (1996):<em> Estudio 2.218<\/em>; CIS (2002):<em> Estudio 2.450<\/em>; CIS (2006):<em> Estudio 2.633<\/em>; CIS (2009):<em> Estudio 2.798<\/em>; y CIS (2012): <em>Estudio 2.960<\/em>.<\/p>\n<p>El gr\u00e1fico 4 compara el porcentaje de pertenencia a asociaciones en Espa\u00f1a con respecto a los pa\u00edses europeos m\u00e1s pr\u00f3ximos. Como se puede observar, hay diferencias llamativas. Da la impresi\u00f3n de que se produce una divisi\u00f3n en dos grandes sectores, con unas cifras m\u00e1s altas en los pa\u00edses del norte, claramente distanciados de los que se encuentran en la llamada franja latina. \u00c9ste no es el lugar adecuado para analizar la correlaci\u00f3n de los niveles de asociacionismo con los del Estado de bienestar que en cada una de estas sociedades se ha producido pero, a simple vista, parece que existe.<\/p>\n<p><strong>Gr\u00e1fico 4 \u2013 Pertenencia a alguna asociaci\u00f3n o grupo. En porcentaje con respecto a la poblaci\u00f3n de 15 y m\u00e1s a\u00f1os. 2009<\/strong><\/p>\n<p style=\"text-align: center\"><a href=\"http:\/\/www.informe-espana.es\/wp-content\/uploads\/2014\/04\/G04.jpg\"><img decoding=\"async\" class=\" wp-image-1462 aligncenter\" alt=\"Gr\u00e1fico 4 \u2013 Pertenencia a alguna asociaci\u00f3n o grupo. En porcentaje con respecto a la poblaci\u00f3n de 15 y m\u00e1s a\u00f1os. 2009 - Informe Espa\u00f1a 2013 - Fundaci\u00f3n Encuentro\" src=\"http:\/\/www.informe-espana.es\/wp-content\/uploads\/2014\/04\/G04.jpg\" width=\"500\" \/><\/a><\/p>\n<p><b>Fuente:<\/b> Elaboraci\u00f3n Fundaci\u00f3n Encuentro a partir de Fundaci\u00f3n BBVA (2010): <em>Estudio European Mindset<\/em>.<b><\/b><\/p>\n<p>Otra observaci\u00f3n con respecto al porcentaje de asociacionismo en Espa\u00f1a se presenta en la tabla 5, donde se ha diferenciado entre hombres y mujeres y por grupos de edad para tratar de detectar si existe alguna diferencia importante entre ellos. Como era de esperar, el grupo de menor edad (de 18 a 24 a\u00f1os) presenta la tasa de pertenencia m\u00e1s elevada, mientras que el de menor porcentaje es el de mayores de 65 a\u00f1os. En cuanto a la diferencia por sexos, los hombres muestran porcentajes m\u00e1s elevados en todos los grupos.<\/p>\n<p><b>Tabla 5 \u2013 Poblaci\u00f3n de 18 y m\u00e1s a\u00f1os que pertenece a una o m\u00e1s asociaciones, grupos u organizaciones por sexo y edad. En porcentaje. 2012<\/b><\/p>\n<table class=\"tablepress tablepress-id-6\" id=\"tablepress-6\" style=\"width: 100%\" border=\"0\" cellspacing=\"0\" cellpadding=\"0\" align=\"center\">\n<thead>\n<tr style=\"background-color: #d9edf7\">\n<td nowrap=\"nowrap\" width=\"275\"><\/td>\n<td style=\"text-align: center\" nowrap=\"nowrap\"><b>Hombres<\/b><\/td>\n<td style=\"text-align: center\" nowrap=\"nowrap\"><b>Mujeres<\/b><\/td>\n<td style=\"text-align: center\" nowrap=\"nowrap\"><b>Total<\/b><\/td>\n<\/tr>\n<\/thead>\n<tbody class=\"row-hover\">\n<tr class=\"row-2 even\">\n<td nowrap=\"nowrap\" width=\"275\">De 18 a 24 a\u00f1os<\/td>\n<td style=\"text-align: right\" nowrap=\"nowrap\" width=\"66\">37,9<\/td>\n<td style=\"text-align: right\" nowrap=\"nowrap\" width=\"66\">32,0<\/td>\n<td style=\"text-align: right\" nowrap=\"nowrap\" width=\"66\">35,2<\/td>\n<\/tr>\n<tr class=\"row-3 odd\">\n<td nowrap=\"nowrap\" width=\"275\">De 25 a 34 a\u00f1os<\/td>\n<td style=\"text-align: right\" nowrap=\"nowrap\" width=\"66\">33,7<\/td>\n<td style=\"text-align: right\" nowrap=\"nowrap\" width=\"66\">30,7<\/td>\n<td style=\"text-align: right\" nowrap=\"nowrap\" width=\"66\">32,2<\/td>\n<\/tr>\n<tr class=\"row-2 even\">\n<td nowrap=\"nowrap\" width=\"275\">De 35 a 44 a\u00f1os<\/td>\n<td style=\"text-align: right\" nowrap=\"nowrap\" width=\"66\">35,1<\/td>\n<td style=\"text-align: right\" nowrap=\"nowrap\" width=\"66\">32,7<\/td>\n<td style=\"text-align: right\" nowrap=\"nowrap\" width=\"66\">33,9<\/td>\n<\/tr>\n<tr class=\"row-3 odd\">\n<td nowrap=\"nowrap\" width=\"275\">De 45 a 54 a\u00f1os<\/td>\n<td style=\"text-align: right\" nowrap=\"nowrap\" width=\"66\">30,4<\/td>\n<td style=\"text-align: right\" nowrap=\"nowrap\" width=\"66\">27,3<\/td>\n<td style=\"text-align: right\" nowrap=\"nowrap\" width=\"66\">28,8<\/td>\n<\/tr>\n<tr class=\"row-2 even\">\n<td nowrap=\"nowrap\" width=\"275\">De 55 a 64 a\u00f1os<\/td>\n<td style=\"text-align: right\" nowrap=\"nowrap\" width=\"66\">32,7<\/td>\n<td style=\"text-align: right\" nowrap=\"nowrap\" width=\"66\">31,0<\/td>\n<td style=\"text-align: right\" nowrap=\"nowrap\" width=\"66\">31,9<\/td>\n<\/tr>\n<tr class=\"row-3 odd\">\n<td nowrap=\"nowrap\" width=\"275\">De 65 a\u00f1os y m\u00e1s<\/td>\n<td style=\"text-align: right\" nowrap=\"nowrap\" width=\"66\">25,9<\/td>\n<td style=\"text-align: right\" nowrap=\"nowrap\" width=\"66\">24,7<\/td>\n<td style=\"text-align: right\" nowrap=\"nowrap\" width=\"66\">25,2<\/td>\n<\/tr>\n<tr class=\"row-2 even\">\n<td nowrap=\"nowrap\" width=\"275\"><strong>Total<\/strong><\/td>\n<td style=\"text-align: right\" nowrap=\"nowrap\" width=\"66\"><strong>32,3<\/strong><\/td>\n<td style=\"text-align: right\" nowrap=\"nowrap\" width=\"66\"><strong>29,3<\/strong><\/td>\n<td style=\"text-align: right\" nowrap=\"nowrap\" width=\"66\"><strong>30,8<\/strong><\/td>\n<\/tr>\n<\/tbody>\n<\/table>\n<p><b>Fuente: <\/b>Elaboraci\u00f3n Fundaci\u00f3n Encuentro a partir de CIS (2012): <em>Estudio 2.960.<\/em><\/p>\n<p>El voluntariado es otra de las formas de vinculaci\u00f3n con las entidades. Aunque existen otras fuentes que presentan datos de voluntariado, \u00e9stas se han realizado con medotolog\u00edas diferentes, por lo que hemos considerado s\u00f3lo dos estudios del CIS (los n\u00fameros 2.450, de 2002, y 2.864, de 2011). En este caso, el porcentaje en 2002 era del 16,4% y del 16,7% en 2011, por lo que entre ambas fechas se ha producido un peque\u00f1o incremento. En cualquier caso, la cifra es modesta.<\/p>\n<p>En el gr\u00e1fico 5 se muestra de manera comparada la tasa de voluntariado en Espa\u00f1a con respecto al resto de los pa\u00edses europeos a partir del Eurobar\u00f3metro Especial del Parlamento Europeo de 2011 con motivo del A\u00f1o Europeo del Voluntariado. El porcentaje estimado para Espa\u00f1a era del 15% y se sit\u00faa en los \u00faltimos puestos.<\/p>\n<p><strong><span style=\"line-height: 1.6em\">Gr\u00e1fico 5 \u2013 Personas que realizan actividades de voluntariado de forma regular u ocasional. En porcentaje de la poblaci\u00f3n de 15 y m\u00e1s a\u00f1os. 2011<\/span><\/strong><\/p>\n<p style=\"text-align: center\"><a href=\"http:\/\/www.informe-espana.es\/wp-content\/uploads\/2014\/04\/G05.jpg\"><img decoding=\"async\" class=\" wp-image-1463 aligncenter\" alt=\"Gr\u00e1fico 5 \u2013 Personas que realizan actividades de voluntariado de forma regular u ocasional. En porcentaje de la poblaci\u00f3n de 15 y m\u00e1s a\u00f1os. 2011 - Informe Espa\u00f1a 2013 - Fundaci\u00f3n Encuentro\" src=\"http:\/\/www.informe-espana.es\/wp-content\/uploads\/2014\/04\/G05.jpg\" width=\"500\" \/><\/a><\/p>\n<p><b>Fuente:<\/b> Elaboraci\u00f3n Fundaci\u00f3n Encuentro a partir de Parlamento Europeo (2012): <em>Eurobar\u00f3metro especial 75,2. Voluntariado y solidaridad intergeneracional.<\/em><\/p>\n<p>La tabla 6 muestra los datos disponibles de 2011 sobre las contribuciones altruistas de las personas. Las tres primeras categor\u00edas se refieren a donaciones de sangre, de dinero y de ropa o alimentos. Los dos \u00faltimos \u00edtems se\u00f1alan contribuciones de tiempo que, en principio, tal y como se formul\u00f3 la pregunta, se han podido realizar a trav\u00e9s de una organizaci\u00f3n (voluntariado), individualmente o en actividades organizadas por grupos informales. En cualquier caso, nos podemos aproximar a la identificaci\u00f3n de las personas con v\u00ednculos o compromisos que establecen a trav\u00e9s de una organizaci\u00f3n formalmente reconocida o bien mediante relaciones no formales, en las que no es necesaria la participaci\u00f3n en ninguna entidad. Este \u00faltimo caso corresponde al altruismo, que puede ejercitarse directamente con familiares, amigos, vecinos, etc.<\/p>\n<p>Por tanto, se puede hablar de un grado de compromiso social de car\u00e1cter formal y otro de car\u00e1cter informal, que no son excluyentes, pero que hay que considerar de manera distinta, en tanto que son opciones diferentes. De este modo, hay personas que no se \u201cimplican\u201d en la ayuda a los otros o no establecen relaciones \u201ccomprometidas\u201d, frente a otras que tienen una serie de v\u00ednculos con personas cercanas. De hecho, en los pa\u00edses mediterr\u00e1neos como Espa\u00f1a, las relaciones informales \u2013de car\u00e1cter sobre todo familiar\u2013 han sido el n\u00facleo vertebrador para dar apoyo y proveer de servicios b\u00e1sicos a hijos, ancianos y enfermos, como una responsabilidad clave del n\u00facleo familiar. Otra posibilidad que muestran los datos es la decisi\u00f3n de canalizar la implicaci\u00f3n personal a trav\u00e9s de organizaciones formalmente reconocidas.<\/p>\n<p>Otro elemento relevante es el porcentaje de respuestas de quienes contestan \u201cnunca\u201d. Si bien el abanico de actividades es bastante amplio, merece la pena destacar que el 74,5% de los entrevistados afirma que nunca ha participado en una actividad colectiva. Si esto es as\u00ed, como sociedad tenemos un problema estructural que tambi\u00e9n explica por qu\u00e9 la vida p\u00fablica adolece de las diversas debilidades que conocemos, entre ellas el compromiso con las cosas comunes y la corrupci\u00f3n creciente.<\/p>\n<p><strong>Tabla 6 \u2013 \u00bfPodr\u00eda decirme si ha realizado cada una de las siguientes actividades en los \u00faltimos 12 meses, si no la ha realizado en los \u00faltimos 12 meses pero si con anterioridad, o si no la ha realizado nunca? En porcentaje. 2011<\/strong><\/p>\n<table class=\"tablepress tablepress-id-6\" id=\"tablepress-6\" style=\"width: 100%\" border=\"0\" cellspacing=\"0\" cellpadding=\"0\" align=\"center\">\n<thead>\n<tr style=\"background-color: #d9edf7\">\n<td nowrap=\"nowrap\" width=\"275\"><\/td>\n<td style=\"text-align: center\">\u00a0<b>\u00daltimos 12 meses<\/b><\/td>\n<td style=\"text-align: center\"><b>Con anterioridad<\/b><\/td>\n<td style=\"text-align: center\"><b>Nunca<\/b><\/td>\n<td style=\"text-align: center\"><b>No recuerda<\/b><\/td>\n<td style=\"text-align: center\"><b>NC<\/b><\/td>\n<\/tr>\n<\/thead>\n<tbody class=\"row-hover\">\n<tr class=\"row-2 even\">\n<td nowrap=\"nowrap\" width=\"275\">Donar sangre<\/td>\n<td style=\"text-align: right\" nowrap=\"nowrap\" width=\"66\">7,8<\/td>\n<td style=\"text-align: right\" nowrap=\"nowrap\" width=\"66\">24,4<\/td>\n<td style=\"text-align: right\" nowrap=\"nowrap\" width=\"66\">67,5<\/td>\n<td style=\"text-align: right\" nowrap=\"nowrap\" width=\"66\">0,2<\/td>\n<td style=\"text-align: right\" nowrap=\"nowrap\" width=\"66\">0,1<\/td>\n<\/tr>\n<tr class=\"row-3 odd\">\n<td nowrap=\"nowrap\" width=\"275\">Donar dinero o pagar una cuota a alguna organizaci\u00f3n\u00a0<span style=\"color: #000000;line-height: 1.6em\">sin \u00e1nimo de lucro<\/span><\/td>\n<td style=\"text-align: right\" nowrap=\"nowrap\" width=\"66\">26,0<\/td>\n<td style=\"text-align: right\" nowrap=\"nowrap\" width=\"66\">21,7<\/td>\n<td style=\"text-align: right\" nowrap=\"nowrap\" width=\"66\">51,7<\/td>\n<td style=\"text-align: right\" nowrap=\"nowrap\" width=\"66\">0,4<\/td>\n<td style=\"text-align: right\" nowrap=\"nowrap\" width=\"66\">0,2<\/td>\n<\/tr>\n<tr class=\"row-2 even\">\n<td nowrap=\"nowrap\" width=\"275\">Entregar ropa o alimentos para personas necesitadas (directamente o a organizaci\u00f3n)<\/td>\n<td style=\"text-align: right\" nowrap=\"nowrap\" width=\"66\">50,3<\/td>\n<td style=\"text-align: right\" nowrap=\"nowrap\" width=\"66\">23,9<\/td>\n<td style=\"text-align: right\" nowrap=\"nowrap\" width=\"66\">25,5<\/td>\n<td style=\"text-align: right\" nowrap=\"nowrap\" width=\"66\">0,2<\/td>\n<td style=\"text-align: right\" nowrap=\"nowrap\" width=\"66\">0,1<\/td>\n<\/tr>\n<tr class=\"row-3 odd\">\n<td nowrap=\"nowrap\" width=\"275\">Realizar sin cobrar alguna actividad de cuidado o ayuda\u00a0a otras personas que no sean de su familia (cuidado\u00a0<span style=\"color: #000000;line-height: 1.6em\">de ni\u00f1os o enfermos, personas sin recursos)<\/span><\/td>\n<td style=\"text-align: right\" nowrap=\"nowrap\" width=\"66\">10,9<\/td>\n<td style=\"text-align: right\" nowrap=\"nowrap\" width=\"66\">12,0<\/td>\n<td style=\"text-align: right\" nowrap=\"nowrap\" width=\"66\">76,5<\/td>\n<td style=\"text-align: right\" nowrap=\"nowrap\" width=\"66\">0,3<\/td>\n<td style=\"text-align: right\" nowrap=\"nowrap\" width=\"66\">0,2<\/td>\n<\/tr>\n<tr class=\"row-2 even\">\n<td nowrap=\"nowrap\" width=\"275\">Participar en una actividad colectiva en beneficio de la comunidad (como recoger firmas, limpiar un parque,\u00a0<span style=\"color: #000000;line-height: 1.6em\">recoger ropa)<\/span><\/td>\n<td style=\"text-align: right\" nowrap=\"nowrap\" width=\"66\">11,6<\/td>\n<td style=\"text-align: right\" nowrap=\"nowrap\" width=\"66\">13,1<\/td>\n<td style=\"text-align: right\" nowrap=\"nowrap\" width=\"66\">74,5<\/td>\n<td style=\"text-align: right\" nowrap=\"nowrap\" width=\"66\">0,7<\/td>\n<td style=\"text-align: right\" nowrap=\"nowrap\" width=\"66\">0,1<\/td>\n<\/tr>\n<tr class=\"row-3 odd\">\n<td nowrap=\"nowrap\" width=\"275\">Asistir a una reuni\u00f3n, comit\u00e9 o grupo de trabajo con el\u00a0<span style=\"color: #000000;line-height: 1.6em\">fin de organizar actividades colectivas de inter\u00e9s general<\/span><\/td>\n<td style=\"text-align: right\" nowrap=\"nowrap\" width=\"66\">11,6<\/td>\n<td style=\"text-align: right\" nowrap=\"nowrap\" width=\"66\">12,0<\/td>\n<td style=\"text-align: right\" nowrap=\"nowrap\" width=\"66\">75,7<\/td>\n<td style=\"text-align: right\" nowrap=\"nowrap\" width=\"66\">0,6<\/td>\n<td style=\"text-align: right\" nowrap=\"nowrap\" width=\"66\">0,1<\/td>\n<\/tr>\n<\/tbody>\n<\/table>\n<p><b>Fuente: <\/b>CIS (2011): <em>Estudio 2.864. Bar\u00f3metro de marzo.<\/em>\t\t<\/p>\n","protected":false},"excerpt":{"rendered":"<p>\u00bfCu\u00e1l es la participaci\u00f3n c\u00edvica de los ciudadanos espa\u00f1oles? A partir de diferentes bar\u00f3metros del CIS, en la tabla 4 se observa el porcentaje de la poblaci\u00f3n de 18 y m\u00e1s a\u00f1os que pertenece a una o m\u00e1s asociaciones durante el per\u00edodo 1996-2012. Destaca la disminuci\u00f3n del porcentaje de asociacionismo que se produce de 1996 &#8230; <a title=\"Escasa participaci\u00f3n c\u00edvica, d\u00e9bil capital social\" class=\"read-more\" href=\"https:\/\/blogs.comillas.edu\/informeespana\/2014\/04\/25\/escasa-participacion-civica-debil-capital-social\/\" aria-label=\"Leer m\u00e1s sobre Escasa participaci\u00f3n c\u00edvica, d\u00e9bil capital social\">Leer m\u00e1s <\/a><\/p>\n","protected":false},"author":375,"featured_media":786,"comment_status":"open","ping_status":"open","sticky":false,"template":"","format":"standard","meta":{"footnotes":""},"categories":[9,1842,2070],"tags":[2214,2112,2217,228,2073,2220],"class_list":["post-1460","post","type-post","status-publish","format-standard","has-post-thumbnail","hentry","category-informe-espana","category-informe-espana-2013","category-tercer-sector","tag-ancianos","tag-asociaciones","tag-enfermos","tag-familia","tag-tercer-sector","tag-voluntariado"],"_links":{"self":[{"href":"https:\/\/blogs.comillas.edu\/informeespana\/wp-json\/wp\/v2\/posts\/1460","targetHints":{"allow":["GET"]}}],"collection":[{"href":"https:\/\/blogs.comillas.edu\/informeespana\/wp-json\/wp\/v2\/posts"}],"about":[{"href":"https:\/\/blogs.comillas.edu\/informeespana\/wp-json\/wp\/v2\/types\/post"}],"author":[{"embeddable":true,"href":"https:\/\/blogs.comillas.edu\/informeespana\/wp-json\/wp\/v2\/users\/375"}],"replies":[{"embeddable":true,"href":"https:\/\/blogs.comillas.edu\/informeespana\/wp-json\/wp\/v2\/comments?post=1460"}],"version-history":[{"count":0,"href":"https:\/\/blogs.comillas.edu\/informeespana\/wp-json\/wp\/v2\/posts\/1460\/revisions"}],"wp:featuredmedia":[{"embeddable":true,"href":"https:\/\/blogs.comillas.edu\/informeespana\/wp-json\/"}],"wp:attachment":[{"href":"https:\/\/blogs.comillas.edu\/informeespana\/wp-json\/wp\/v2\/media?parent=1460"}],"wp:term":[{"taxonomy":"category","embeddable":true,"href":"https:\/\/blogs.comillas.edu\/informeespana\/wp-json\/wp\/v2\/categories?post=1460"},{"taxonomy":"post_tag","embeddable":true,"href":"https:\/\/blogs.comillas.edu\/informeespana\/wp-json\/wp\/v2\/tags?post=1460"}],"curies":[{"name":"wp","href":"https:\/\/api.w.org\/{rel}","templated":true}]}}