{"id":1396,"date":"2014-04-09T13:11:22","date_gmt":"2014-04-09T11:11:22","guid":{"rendered":"http:\/\/www.informe-espana.es\/?p=1396"},"modified":"2014-04-09T13:11:22","modified_gmt":"2014-04-09T11:11:22","slug":"el-emprendimiento-femenino-en-la-crisis","status":"publish","type":"post","link":"https:\/\/blogs.comillas.edu\/informeespana\/2014\/04\/09\/el-emprendimiento-femenino-en-la-crisis\/","title":{"rendered":"El emprendimiento femenino en la crisis"},"content":{"rendered":"<p>\t\t\t\tLa actual crisis econ\u00f3mica ha aumentado notablemente el inter\u00e9s por el emprendimiento. Si en las \u00faltimas d\u00e9cadas ya se ven\u00eda se\u00f1alando su importancia central en el crecimiento de numerosas econom\u00edas, en el contexto actual, con el estancamiento o la destrucci\u00f3n de empleo por cuenta ajena, se mira al empleo por cuenta propia como el \u00fanico elemento compensador a corto plazo.<\/p>\n<p>Sin embargo, las pol\u00edticas eficaces de apoyo al emprendimiento requieren estrategias decididas y continuadas en el tiempo, que no se han llevado a cabo en la \u00e9poca de expansi\u00f3n.<\/p>\n<p>La crisis econ\u00f3mica nos ha recordado con crudeza que nuestro tejido productivo es incapaz de crear un n\u00famero suficiente de puestos de trabajo de alta cualificaci\u00f3n para absorber la oferta de empleo resultante del importante esfuerzo educativo realizado por nuestra sociedad en las \u00faltimas d\u00e9cadas. Como resultado, una parte de la importante inversi\u00f3n en capital humano realizada se est\u00e1 rentabilizando ya \u2013y lo seguir\u00e1 haciendo los pr\u00f3ximos a\u00f1os\u2013 en otros pa\u00edses. Cabe preguntarse d\u00f3nde estar\u00edan hoy los emigrantes de alta cualificaci\u00f3n si en la d\u00e9cada precedente se hubiera aplicado una buena pol\u00edtica de fomento y apoyo al autoempleo de alta cualificaci\u00f3n. Una buena parte habr\u00eda creado seguramente sus empresas, proporcion\u00e1ndose un empleo para s\u00ed y para otros trabajadores, tambi\u00e9n de alta cualificaci\u00f3n, y sus empresas habr\u00edan contribuido a desarrollar actividades productivas de alto valor a\u00f1adido, renovando y fortaleciendo nuestro tejido productivo. Pero esto es justo lo que no se ha hecho y hoy, ante la urgencia de crear puestos de trabajo, todas las miradas se centran en el empleo por cuenta propia.<\/p>\n<p>Pero, \u00bfc\u00f3mo ha aguantado la crisis este tipo de empleo? \u00bfQu\u00e9 ha sido de las empresas dirigidas por mujeres y de las trabajadoras aut\u00f3nomas o cooperativistas? Sus empresas tienen unos claros rasgos diferenciales respecto a las de los hombres. En general, nacen con menor capital, son de menor tama\u00f1o y muestran una mayor concentraci\u00f3n sectorial (Consejo Superior de C\u00e1maras, 2007: <i>Mujeres empresarias en la econom\u00eda espa\u00f1ola<\/i>). Estas diferencias, \u00bfse han constituido en elementos de mayor vulnerabilidad?<\/p>\n<h4>Nuevas iniciativas empresariales lideradas por mujeres<\/h4>\n<p>Si atendemos a la creaci\u00f3n de nuevas empresas, los resultados del proyecto GEM (<i>Global Entrepreneurship Monitor<\/i>) \u00a0muestran una evoluci\u00f3n de perfil similar para hombres y mujeres en los \u00faltimos a\u00f1os.<\/p>\n<p>En los primeros a\u00f1os de la crisis se redujeron significativamente los nuevos emprendimientos. A partir de 2011 se observa un repunte de los mismos, debido en parte al aumento del emprendimiento por necesidad, es decir, de aquellas iniciativas puestas en pie por personas desempleadas que necesitan crear su puesto de trabajo. Sin embargo, durante la crisis se aprecia un mayor retraimiento de la actividad emprendedora femenina, aumentando la brecha de g\u00e9nero en este \u00e1mbito en 2009 y 2010 (tabla 7). No obstante, la brecha se ha reducido ligeramente en 2011, situ\u00e1ndose en valores menores a los del conjunto de la UE, increment\u00e1ndose de nuevo en 2012.<\/p>\n<p><strong>Tabla 7 \u2013 Evoluci\u00f3n de los \u00edndices de actividad emprendedora total en Espa\u00f1a seg\u00fan sexo. En porcentaje. 2006-2012<\/strong><\/p>\n<p>[table id=3 \/]<\/p>\n<p><b>Nota: <\/b>La actividad emprendedora total son las iniciativas emprendedoras que llevan funcionamiento menos de 42 meses en porcentaje de la poblaci\u00f3n de 18 a 64 a\u00f1os.<br \/>\n<b style=\"line-height: 1.6em\">Fuente: <\/b><span style=\"line-height: 1.6em\">Hern\u00e1ndez, R. (dir.) (2013): <\/span><i style=\"line-height: 1.6em\">Informe GEM Espa\u00f1a 2012<\/i><span style=\"line-height: 1.6em\">, Cise\/Fundaci\u00f3n Xavier de Salas.<\/span><\/p>\n<p>En relaci\u00f3n con las iniciativas creadas por hombres y mujeres, las mayores diferencias se encuentran en los sectores en los que emprenden. Las mujeres se orientan en mayor medida hacia los sectores de consumo (65% de las mujeres frente al 45,4% de los hombres). Su participaci\u00f3n en los sectores de media y alta tecnolog\u00eda es menor (4,8% frente al 7% en 2011), reproduciendo la segregaci\u00f3n sectorial que se observa en el mercado laboral en general.<\/p>\n<p>Buena parte de los posibles factores explicativos de la brecha de g\u00e9nero observada en el emprendimiento en Espa\u00f1a se enmarcan en dos \u00e1mbitos que tambi\u00e9n aborda el <i>Informe GEM<\/i>: los factores psicol\u00f3gicos y sociales y el apoyo prestado a las mujeres emprendedoras.<\/p>\n<p>Respecto a las diferencias de g\u00e9nero en los determinantes psicol\u00f3gicos y sociales de la actividad emprendedora, el GEM advierte que son peque\u00f1as entre las personas que ya son empresarias, pero notables en la poblaci\u00f3n no empresaria (tabla 8). En concreto, hay menos mujeres no empresarias que consideran que tienen habilidades y conocimientos suficientes para poner en marcha una peque\u00f1a iniciativa. Y el miedo al fracaso es un obst\u00e1culo mayor para ellas.<\/p>\n<p><strong>Tabla 8 \u2013 Determinantes psicol\u00f3gicos y sociales de la actividad emprendedora en la poblaci\u00f3n espa\u00f1ola empresaria y no empresaria de 18 a 64 a\u00f1os seg\u00fan sexo. Porcentaje de respuestas afirmativas. 2012<\/strong><\/p>\n<p>[table id=4 \/]<\/p>\n<p><b>Fuente:<\/b> Hern\u00e1ndez, R. (Dir.) (2013<i>): Informe GEM Espa\u00f1a 2012<\/i>, Cise\/Fundaci\u00f3n Xavier de Salas.<\/p>\n<p>Por \u00faltimo, en cuanto al apoyo que se presta en nuestro pa\u00eds a las mujeres empresarias, las personas expertas entrevistadas se\u00f1alan que la capacidad y motivaci\u00f3n de las mujeres espa\u00f1olas para crear empresas es alta, pero el resto de factores considerados \u2013conciliaci\u00f3n de vida profesional y familiar, aceptaci\u00f3n social de las empresarias, animaci\u00f3n al autoempleo y percepci\u00f3n de oportunidades de negocio\u2013 no alcanzan una valoraci\u00f3n media de aprobado y \u00e9sta es claramente inferior a la de los pa\u00edses de la UE. Por tanto, cabe concluir que el marco contextual social y cultural es desincentivador. Vuelve a observarse una clara asimetr\u00eda entre las capacidades de las mujeres espa\u00f1olas y el contexto en el que desarrollan su actividad profesional.<\/p>\n<h4>Destrucci\u00f3n de empleo femenino por cuenta propia<\/h4>\n<p>Seg\u00fan los resultados de la EPA, la destrucci\u00f3n de empleo por cuenta propia tambi\u00e9n presenta peores resultados en el caso de los hombres. Entre 2007 y 2012, la ca\u00edda del empleo masculino por cuenta propia casi ha duplicado a la del femenino (\u201318,8% frente al\u20139,6% en el caso de las mujeres). La diferencia es especialmente acusada en el grupo de los empleadores y empleadoras (tabla 9).<\/p>\n<p>El menor tama\u00f1o de las empresas de mujeres, su ubicaci\u00f3n sectorial y sus menores \u201cexigencias\u201d de rentabilidad podr\u00edan ser factores explicativos de su mayor resiliencia. Las diferencias son tambi\u00e9n acusadas y favorables a las mujeres en el caso de las empresarias sin asalariados o las trabajadoras independientes. S\u00f3lo en el caso de las \u201cayudas familiares\u201d, la ca\u00edda ha sido mucho m\u00e1s significativa entre las mujeres, que en estos a\u00f1os se ha aproximado a un nivel muy similar al de los hombres. Esta reducci\u00f3n muestra la fortaleza de la tendencia de las mujeres a abandonar esta categor\u00eda en la que los empleos no tienen un marco formal ni una retribuci\u00f3n espec\u00edfica, ya que, ante el empeoramiento de las tasas de paro, \u00e9sta podr\u00eda haber actuado como refugio pero, al menos hasta 2012, no parece haberlo hecho.<\/p>\n<p>La destrucci\u00f3n de empleo femenino por cuenta propia no s\u00f3lo ha sido inferior para los distintos tipos de empresariado, sino tambi\u00e9n por grandes sectores de actividad (agricultura, industria y servicios).<\/p>\n<p><strong>Tabla 9 \u2013 Evoluci\u00f3n de los ocupados por cuenta propia por sexo. Valor absoluto en miles y porcentaje. 2007-2012<\/strong><\/p>\n<p>[table id=5 \/]<\/p>\n<p><b>Fuente: <\/b>Elaboraci\u00f3n Fundaci\u00f3n Encuentro a partir de INE,<em><strong> Encuesta de poblaci\u00f3n activa<\/strong><\/em>, varios n\u00fameros.\t\t<\/p>\n","protected":false},"excerpt":{"rendered":"<p>La actual crisis econ\u00f3mica ha aumentado notablemente el inter\u00e9s por el emprendimiento. Si en las \u00faltimas d\u00e9cadas ya se ven\u00eda se\u00f1alando su importancia central en el crecimiento de numerosas econom\u00edas, en el contexto actual, con el estancamiento o la destrucci\u00f3n de empleo por cuenta ajena, se mira al empleo por cuenta propia como el \u00fanico &#8230; <a title=\"El emprendimiento femenino en la crisis\" class=\"read-more\" href=\"https:\/\/blogs.comillas.edu\/informeespana\/2014\/04\/09\/el-emprendimiento-femenino-en-la-crisis\/\" aria-label=\"Leer m\u00e1s sobre El emprendimiento femenino en la crisis\">Leer m\u00e1s <\/a><\/p>\n","protected":false},"author":447,"featured_media":851,"comment_status":"open","ping_status":"open","sticky":false,"template":"","format":"standard","meta":{"footnotes":""},"categories":[9,1842,2025],"tags":[36,2187,2190,2193],"class_list":["post-1396","post","type-post","status-publish","format-standard","has-post-thumbnail","hentry","category-informe-espana","category-informe-espana-2013","category-mujeres","tag-empleo","tag-empleo-femenino","tag-empleo-masculino","tag-ocupados-cuenta-propia"],"_links":{"self":[{"href":"https:\/\/blogs.comillas.edu\/informeespana\/wp-json\/wp\/v2\/posts\/1396","targetHints":{"allow":["GET"]}}],"collection":[{"href":"https:\/\/blogs.comillas.edu\/informeespana\/wp-json\/wp\/v2\/posts"}],"about":[{"href":"https:\/\/blogs.comillas.edu\/informeespana\/wp-json\/wp\/v2\/types\/post"}],"author":[{"embeddable":true,"href":"https:\/\/blogs.comillas.edu\/informeespana\/wp-json\/wp\/v2\/users\/447"}],"replies":[{"embeddable":true,"href":"https:\/\/blogs.comillas.edu\/informeespana\/wp-json\/wp\/v2\/comments?post=1396"}],"version-history":[{"count":0,"href":"https:\/\/blogs.comillas.edu\/informeespana\/wp-json\/wp\/v2\/posts\/1396\/revisions"}],"wp:featuredmedia":[{"embeddable":true,"href":"https:\/\/blogs.comillas.edu\/informeespana\/wp-json\/"}],"wp:attachment":[{"href":"https:\/\/blogs.comillas.edu\/informeespana\/wp-json\/wp\/v2\/media?parent=1396"}],"wp:term":[{"taxonomy":"category","embeddable":true,"href":"https:\/\/blogs.comillas.edu\/informeespana\/wp-json\/wp\/v2\/categories?post=1396"},{"taxonomy":"post_tag","embeddable":true,"href":"https:\/\/blogs.comillas.edu\/informeespana\/wp-json\/wp\/v2\/tags?post=1396"}],"curies":[{"name":"wp","href":"https:\/\/api.w.org\/{rel}","templated":true}]}}