{"id":1372,"date":"2012-01-16T12:52:26","date_gmt":"2012-01-16T10:52:26","guid":{"rendered":"http:\/\/www.informe-espana.es\/?p=1372"},"modified":"2012-01-16T12:52:26","modified_gmt":"2012-01-16T10:52:26","slug":"las-clases-medias-casi-la-mitad-de-los-ocupados","status":"publish","type":"post","link":"https:\/\/blogs.comillas.edu\/informeespana\/2012\/01\/16\/las-clases-medias-casi-la-mitad-de-los-ocupados\/","title":{"rendered":"Las clases medias, casi la mitad de los ocupados"},"content":{"rendered":"<p>\t\t\t\tEn 2010 hab\u00eda en Espa\u00f1a 1,8 millones de directivos y profesionales de nivel alto (clase 1), 2,6 millones de directivos y profesionales de nivel bajo (clase 2) y 2,5 millones de trabajadores en ocupaciones de cuello blanco de nivel alto (clase 3). Constituyen el grueso de las nuevas clases medias (profesionales y t\u00e9cnicos) y, en conjunto, representan un 37,3% de la poblaci\u00f3n ocupada en Espa\u00f1a en esa fecha (tabla 3). Agrupan a las ocupaciones que exigen un mayor nivel de cualificaci\u00f3n y, en el caso de los profesionales, se caracterizan por mantener una relaci\u00f3n laboral de servicio a los empleadores (distinta a la relaci\u00f3n contractual). La clase de los empleados de cuello blanco de nivel alto (clase 3) est\u00e1 compuesta por los t\u00e9cnicos y profesionales de apoyo y por algunos de los empleados de tipo administrativo.<\/p>\n<p><strong>Tabla 3 \u2013 Estructura de clases de la poblaci\u00f3n ocupada. Valor absoluto y porcentaje. 2010<\/strong><\/p>\n<table width=\"85%\" cellspacing=\"0\" cellpadding=\"0\" align=\"center\">\n<tbody>\n<tr>\n<td><\/td>\n<td colspan=\"3\">\n<div align=\"center\"><strong>Valor absoluto<\/strong><\/div>\n<\/td>\n<td><strong>\u00a0<\/strong><\/td>\n<td colspan=\"3\">\n<div align=\"center\"><strong>Porcentaje<\/strong><\/div>\n<\/td>\n<\/tr>\n<tr>\n<td><\/td>\n<td>\n<div align=\"center\"><strong>Total<\/strong><\/div>\n<\/td>\n<td>\n<div align=\"center\"><strong>Hombres<\/strong><\/div>\n<\/td>\n<td>\n<div align=\"center\"><strong>Mujeres<\/strong><\/div>\n<\/td>\n<td>\n<div align=\"center\"><strong>\u00a0<\/strong><\/div>\n<\/td>\n<td>\n<div align=\"center\"><strong>Total<\/strong><\/div>\n<\/td>\n<td>\n<div align=\"center\"><strong>Hombres<\/strong><\/div>\n<\/td>\n<td>\n<div align=\"center\"><strong>Mujeres<\/strong><\/div>\n<\/td>\n<\/tr>\n<tr>\n<td>Directivos y profesionales de nivel alto<\/td>\n<td>\n<div align=\"right\">1.817.519<\/div>\n<\/td>\n<td>\n<div align=\"right\">1.141.137<\/div>\n<\/td>\n<td>\n<div align=\"right\">676.382<\/div>\n<\/td>\n<td><\/td>\n<td>\n<div align=\"right\">9,8<\/div>\n<\/td>\n<td>\n<div align=\"right\">11,0<\/div>\n<\/td>\n<td>\n<div align=\"right\">8,3<\/div>\n<\/td>\n<\/tr>\n<tr>\n<td>Directivos y profesionales de nivel bajo<\/td>\n<td>\n<div align=\"right\">2.631.127<\/div>\n<\/td>\n<td>\n<div align=\"right\">1.308.455<\/div>\n<\/td>\n<td>\n<div align=\"right\">1.322.671<\/div>\n<\/td>\n<td><\/td>\n<td>\n<div align=\"right\">14,2<\/div>\n<\/td>\n<td>\n<div align=\"right\">12,7<\/div>\n<\/td>\n<td>\n<div align=\"right\">16,2<\/div>\n<\/td>\n<\/tr>\n<tr>\n<td>Empleados de cuello blanco de nivel alto<\/td>\n<td>\n<div align=\"right\">2.457.692<\/div>\n<\/td>\n<td>\n<div align=\"right\">973.666<\/div>\n<\/td>\n<td>\n<div align=\"right\">1.484.027<\/div>\n<\/td>\n<td><\/td>\n<td>\n<div align=\"right\">13,3<\/div>\n<\/td>\n<td>\n<div align=\"right\">9,4<\/div>\n<\/td>\n<td>\n<div align=\"right\">18,2<\/div>\n<\/td>\n<\/tr>\n<tr>\n<td>Peque\u00f1os empleadores y trabajadores aut\u00f3nomos no agr\u00edcolas<\/td>\n<td valign=\"top\">\n<div align=\"right\">1.778.412<\/div>\n<\/td>\n<td valign=\"top\">\n<div align=\"right\">1.174.833<\/div>\n<\/td>\n<td valign=\"top\">\n<div align=\"right\">603.580<\/div>\n<\/td>\n<td valign=\"top\"><\/td>\n<td valign=\"top\">\n<div align=\"right\">9,6<\/div>\n<\/td>\n<td valign=\"top\">\n<div align=\"right\">11,4<\/div>\n<\/td>\n<td valign=\"top\">\n<div align=\"right\">7,4<\/div>\n<\/td>\n<\/tr>\n<tr>\n<td>Trabajadores aut\u00f3nomos agr\u00edcolas<\/td>\n<td>\n<div align=\"right\">456.139<\/div>\n<\/td>\n<td>\n<div align=\"right\">359.044<\/div>\n<\/td>\n<td>\n<div align=\"right\">97.095<\/div>\n<\/td>\n<td><\/td>\n<td>\n<div align=\"right\">2,5<\/div>\n<\/td>\n<td>\n<div align=\"right\">3,5<\/div>\n<\/td>\n<td>\n<div align=\"right\">1,2<\/div>\n<\/td>\n<\/tr>\n<tr>\n<td>Supervisores y t\u00e9cnicos de rango inferior<\/td>\n<td>\n<div align=\"right\">235.380<\/div>\n<\/td>\n<td>\n<div align=\"right\">204.079<\/div>\n<\/td>\n<td>\n<div align=\"right\">31.301<\/div>\n<\/td>\n<td><\/td>\n<td>\n<div align=\"right\">1,3<\/div>\n<\/td>\n<td>\n<div align=\"right\">2,0<\/div>\n<\/td>\n<td>\n<div align=\"right\">0,4<\/div>\n<\/td>\n<\/tr>\n<tr>\n<td>Trabajadores de los servicios y comercio de rango inferior<\/td>\n<td valign=\"top\">\n<div align=\"right\">2.723.598<\/div>\n<\/td>\n<td valign=\"top\">\n<div align=\"right\">996.327<\/div>\n<\/td>\n<td valign=\"top\">\n<div align=\"right\">1.727.271<\/div>\n<\/td>\n<td valign=\"top\"><\/td>\n<td valign=\"top\">\n<div align=\"right\">14,7<\/div>\n<\/td>\n<td valign=\"top\">\n<div align=\"right\">9,6<\/div>\n<\/td>\n<td valign=\"top\">\n<div align=\"right\">21,2<\/div>\n<\/td>\n<\/tr>\n<tr>\n<td>Trabajadores manuales cualificados<\/td>\n<td>\n<div align=\"right\">1.873.536<\/div>\n<\/td>\n<td>\n<div align=\"right\">1.738.961<\/div>\n<\/td>\n<td>\n<div align=\"right\">134.575<\/div>\n<\/td>\n<td><\/td>\n<td>\n<div align=\"right\">10,1<\/div>\n<\/td>\n<td>\n<div align=\"right\">16,8<\/div>\n<\/td>\n<td>\n<div align=\"right\">1,7<\/div>\n<\/td>\n<\/tr>\n<tr>\n<td>Trabajadores no cualificados<\/td>\n<td>\n<div align=\"right\">4.503.456<\/div>\n<\/td>\n<td>\n<div align=\"right\">2.437.422<\/div>\n<\/td>\n<td>\n<div align=\"right\">2.066.034<\/div>\n<\/td>\n<td><\/td>\n<td>\n<div align=\"right\">24,4<\/div>\n<\/td>\n<td>\n<div align=\"right\">23,6<\/div>\n<\/td>\n<td>\n<div align=\"right\">25,4<\/div>\n<\/td>\n<\/tr>\n<tr bgcolor=\"#CCCCCC\">\n<td><strong>Total<\/strong><\/td>\n<td>\n<div align=\"right\"><strong>18.476.860<\/strong><\/div>\n<\/td>\n<td>\n<div align=\"right\"><strong>10.333.924<\/strong><\/div>\n<\/td>\n<td>\n<div align=\"right\"><strong>8.142.936<\/strong><\/div>\n<\/td>\n<td>\n<div align=\"right\"><strong>\u00a0<\/strong><\/div>\n<\/td>\n<td>\n<div align=\"right\"><strong>100<\/strong><\/div>\n<\/td>\n<td>\n<div align=\"right\"><strong>100<\/strong><\/div>\n<\/td>\n<td>\n<div align=\"right\"><strong>100<\/strong><\/div>\n<\/td>\n<\/tr>\n<\/tbody>\n<\/table>\n<p><strong>Nota:\u00a0<\/strong>Datos del segundo trimestre.<br \/>\n<strong>Fuente:\u00a0<\/strong>Elaboraci\u00f3n Fundaci\u00f3n Encuentro a partir de\u00a0<a href=\"http:\/\/www.ine.es\/\" target=\"_blank\" rel=\"noopener noreferrer\">INE<\/a>,\u00a0<em>Encuesta de Poblaci\u00f3n Activa,<\/em>\u00a0segundo trimestre de 2010.<\/p>\n<p>En cuanto a su composici\u00f3n por sexo (<strong>gr\u00e1fico 2<\/strong>), mientras que entre los directivos y profesionales de nivel alto son m\u00e1s los hombres que las mujeres (1,7 a 1), las mujeres superan a los hombres entre los trabajadores de cuello alto de nivel alto (1,5 a 1). La composici\u00f3n de los profesionales de nivel bajo, en cambio, est\u00e1 muy equilibrada.<\/p>\n<p><strong>Gr\u00e1fico 2 \u2013 Distribuci\u00f3n por sexo de la estructura de clases de la poblaci\u00f3n ocupada. En porcentaje. 2010<\/strong><\/p>\n<p style=\"text-align: center\"><a href=\"http:\/\/www.informe-espana.es\/wp-content\/uploads\/2014\/04\/C5-G02.jpg\"><img decoding=\"async\" class=\" wp-image-1373 aligncenter\" style=\"margin-top: 10px;margin-bottom: 10px\" alt=\"C5-G02\" src=\"http:\/\/www.informe-espana.es\/wp-content\/uploads\/2014\/04\/C5-G02.jpg\" width=\"500\" \/><\/a><\/p>\n<p><strong>Nota:<\/strong>\u00a0Datos del segundo trimestre.<br \/>\n<strong>Fuente:<\/strong>\u00a0Elaboraci\u00f3n Fundaci\u00f3n Encuentro a partir de\u00a0<a href=\"http:\/\/www.ine.es\/\" target=\"_blank\" rel=\"noopener noreferrer\">INE<\/a>,\u00a0<em>Encuesta de Poblaci\u00f3n Activ<\/em>a, segundo trimestre de 2010.<\/p>\n<p>Lo que se podr\u00edan considerar viejas clases medias, compuestas por los peque\u00f1os empleadores y los aut\u00f3nomos no profesionales (clases 4 y 5), suponen 2,2 millones de ocupados (dos de cada diez se encuadran en el sector agrario) y representan un 12,1% de la fuerza laboral. Se trata de unos estratos sociales fundamentalmente masculinos, en particular en la agricultura (3,7 hombres por cada mujer), a los que se puede identificar como la peque\u00f1a burgues\u00eda tradicional. A este grupo habr\u00eda que a\u00f1adir los trabajadores aut\u00f3nomos agr\u00edcolas, para conformar una \u00fanica categor\u00eda: los peque\u00f1os empleadores y trabajadores aut\u00f3nomos.\t\t<\/p>\n","protected":false},"excerpt":{"rendered":"<p>En 2010 hab\u00eda en Espa\u00f1a 1,8 millones de directivos y profesionales de nivel alto (clase 1), 2,6 millones de directivos y profesionales de nivel bajo (clase 2) y 2,5 millones de trabajadores en ocupaciones de cuello blanco de nivel alto (clase 3). Constituyen el grueso de las nuevas clases medias (profesionales y t\u00e9cnicos) y, en &#8230; <a title=\"Las clases medias, casi la mitad de los ocupados\" class=\"read-more\" href=\"https:\/\/blogs.comillas.edu\/informeespana\/2012\/01\/16\/las-clases-medias-casi-la-mitad-de-los-ocupados\/\" aria-label=\"Leer m\u00e1s sobre Las clases medias, casi la mitad de los ocupados\">Leer m\u00e1s <\/a><\/p>\n","protected":false},"author":456,"featured_media":1175,"comment_status":"open","ping_status":"open","sticky":false,"template":"","format":"standard","meta":{"footnotes":""},"categories":[384,9,12],"tags":[387,735,267,738,741,744,714,747],"class_list":["post-1372","post","type-post","status-publish","format-standard","has-post-thumbnail","hentry","category-clases-sociales","category-informe-espana","category-informe-espana-2011","tag-clases-sociales-3","tag-directivos","tag-ine","tag-nivel-de-cualificacion","tag-nivel-economico","tag-ocupaciones-de-cuello-blanco","tag-poblacion-ocupada","tag-profesionales"],"_links":{"self":[{"href":"https:\/\/blogs.comillas.edu\/informeespana\/wp-json\/wp\/v2\/posts\/1372","targetHints":{"allow":["GET"]}}],"collection":[{"href":"https:\/\/blogs.comillas.edu\/informeespana\/wp-json\/wp\/v2\/posts"}],"about":[{"href":"https:\/\/blogs.comillas.edu\/informeespana\/wp-json\/wp\/v2\/types\/post"}],"author":[{"embeddable":true,"href":"https:\/\/blogs.comillas.edu\/informeespana\/wp-json\/wp\/v2\/users\/456"}],"replies":[{"embeddable":true,"href":"https:\/\/blogs.comillas.edu\/informeespana\/wp-json\/wp\/v2\/comments?post=1372"}],"version-history":[{"count":0,"href":"https:\/\/blogs.comillas.edu\/informeespana\/wp-json\/wp\/v2\/posts\/1372\/revisions"}],"wp:featuredmedia":[{"embeddable":true,"href":"https:\/\/blogs.comillas.edu\/informeespana\/wp-json\/"}],"wp:attachment":[{"href":"https:\/\/blogs.comillas.edu\/informeespana\/wp-json\/wp\/v2\/media?parent=1372"}],"wp:term":[{"taxonomy":"category","embeddable":true,"href":"https:\/\/blogs.comillas.edu\/informeespana\/wp-json\/wp\/v2\/categories?post=1372"},{"taxonomy":"post_tag","embeddable":true,"href":"https:\/\/blogs.comillas.edu\/informeespana\/wp-json\/wp\/v2\/tags?post=1372"}],"curies":[{"name":"wp","href":"https:\/\/api.w.org\/{rel}","templated":true}]}}