{"id":1113,"date":"2012-01-27T12:23:43","date_gmt":"2012-01-27T12:23:43","guid":{"rendered":"http:\/\/www.informe-espana.es\/?p=1113"},"modified":"2012-01-27T12:23:43","modified_gmt":"2012-01-27T12:23:43","slug":"la-proteccion-por-desempleo-entre-los-inmigrantes","status":"publish","type":"post","link":"https:\/\/blogs.comillas.edu\/informeespana\/2012\/01\/27\/la-proteccion-por-desempleo-entre-los-inmigrantes\/","title":{"rendered":"La protecci\u00f3n por desempleo entre los inmigrantes"},"content":{"rendered":"<p>\t\t\t\tUn dato revelador de la situaci\u00f3n de los trabajadores inmigrantes en tiempos de crisis se obtiene a trav\u00e9s del an\u00e1lisis de la evoluci\u00f3n del tipo de subsidio de desempleo percibido y de su comparaci\u00f3n con los parados espa\u00f1oles.<\/p>\n<p>Existen tres tipos de prestaciones por desempleo:<\/p>\n<ul>\n<li>La\u00a0<strong><span style=\"color: #ff9900\"><a href=\"http:\/\/www.seg-social.es\/prdi00\/groups\/public\/documents\/binario\/49443.pdf\" target=\"_blank\" rel=\"noopener noreferrer\"><span style=\"color: #ff9900\">prestaci\u00f3n contributiva<\/span><\/a>,<\/span><\/strong> para personas que hayan perdido su empleo y hayan cotizado a la Seguridad m\u00e1s de 360 d\u00edas.<\/li>\n<li>La prestaci\u00f3n asistencial, para los desempleados que han agotado la prestaci\u00f3n contributiva por desempleo o para los que no han percibido dicha prestaci\u00f3n, pero se encuentran en supuestos de especial necesidad (mayores de 45 a\u00f1os con responsabilidades familiares).<\/li>\n<li>La\u00a0<strong><span style=\"color: #ff9900\"><a href=\"http:\/\/www.seg-social.es\/Internet_1\/Trabajadores\/Trabajadoresdelmar\/EmpleoyDesempleo\/Desempleo\/RentaActivadeInserc49698\/index.htm\" target=\"_blank\" rel=\"noopener noreferrer\"><span style=\"color: #ff9900\">renta activa de inserci\u00f3n<\/span><\/a>,<\/span><\/strong> destinada a colectivos con ingresos inferiores al 75% del SMI, con especial dificultad para encontrar empleo y en situaci\u00f3n de necesidad econ\u00f3mica. El programa incluye medidas para ayudar a incorporarse al mercado laboral.<\/li>\n<\/ul>\n<p>Si se analiza la evoluci\u00f3n entre los espa\u00f1oles de la distribuci\u00f3n de los parados en funci\u00f3n del tipo de prestaci\u00f3n, se observa que el perfil del perceptor se ha mantenido relativamente estable a lo largo de los \u00faltimos a\u00f1os: aproximadamente un 50% percibe la prestaci\u00f3n contributiva, un 45% la asistencial y un 5% la renta activa de inserci\u00f3n.<\/p>\n<p><strong>Evoluci\u00f3n de los beneficiarios espa\u00f1oles de prestaciones por desempleo, por tipo de prestaci\u00f3n. En porcentaje. 2006-2011<\/strong><\/p>\n<p style=\"text-align: center\"><a href=\"http:\/\/www.informe-espana.es\/wp-content\/uploads\/2014\/03\/C4-G17.jpg\"><img decoding=\"async\" class=\" wp-image-1114 aligncenter\" alt=\"C4-G17\" src=\"http:\/\/www.informe-espana.es\/wp-content\/uploads\/2014\/03\/C4-G17.jpg\" width=\"500\" \/><\/a><\/p>\n<p><strong>Nota:<\/strong>\u00a0Datos de medias anuales. (*) Media de enero a agosto<br \/>\n<strong>Fuente:<\/strong>\u00a0Elaboraci\u00f3n Fundaci\u00f3n Encuentro a partir Ministerio de Trabajo e Inmigraci\u00f3n,<strong><span style=\"color: #ff9900\">\u00a0<a href=\"http:\/\/www.meyss.es\/estadisticas\/bel\/welcome.htm\" target=\"_blank\" rel=\"noopener noreferrer\"><span style=\"color: #ff9900\">Bolet\u00edn de estad\u00edstica laborales<\/span><\/a><\/span><\/strong>, varios n\u00fameros.<\/p>\n<p>Matizando ligeramente esta tendencia, se aprecia un ligero ascenso en la percepci\u00f3n contributiva en los a\u00f1os 2008 y 2009, motivado por la incorporaci\u00f3n de nuevos parados a partir de 2007. Desde 2010 aumenta el porcentaje de perceptores de la contribuci\u00f3n asistencial, lo que hace pensar que se trata de muchos de los parados incorporados desde 2007 que agotaron su prestaci\u00f3n contributiva. Destaca el elevado n\u00famero de espa\u00f1oles que reciben la prestaci\u00f3n asistencial, sostenido a lo largo del tiempo.<\/p>\n<p>El comportamiento de los inmigrantes en funci\u00f3n del tipo de percepci\u00f3n es bien distinto y muy ilustrativo del diferente perfil laboral y vital de este colectivo. La gran mayor\u00eda percib\u00eda la prestaci\u00f3n contributiva hasta pasado el a\u00f1o 2009. Es decir, o encontraban trabajo con relativa rapidez o no pod\u00edan alegar las circunstacias requeridas para acceder a la prestaci\u00f3n asistencial. A partir de ese a\u00f1o se observa, sin embargo, un notable incremento (que sigue creciendo hasta el momento) en el porcentaje de perceptores adscritos a la prestaci\u00f3n asistencial.<\/p>\n<p><strong>Evoluci\u00f3n de los beneficiarios extranjeros de prestaciones por desempleo, por tipo de prestaci\u00f3n. En porcentaje. 2006-2011<\/strong><\/p>\n<p style=\"text-align: center\"><a href=\"http:\/\/www.informe-espana.es\/wp-content\/uploads\/2014\/03\/C4-G18.jpg\"><img decoding=\"async\" class=\" wp-image-1115 aligncenter\" alt=\"C4-G18\" src=\"http:\/\/www.informe-espana.es\/wp-content\/uploads\/2014\/03\/C4-G18.jpg\" width=\"500\" \/><\/a><\/p>\n<p><strong>Nota:<\/strong>\u00a0Datos de medias anuales. (*) Media de enero a agosto<br \/>\n<strong>Fuente:<\/strong>\u00a0Elaboraci\u00f3n Fundaci\u00f3n Encuentro a partir\u00a0<strong><span style=\"color: #ff9900\"><a href=\"http:\/\/www.meyss.es\/\" target=\"_blank\" rel=\"noopener noreferrer\"><span style=\"color: #ff9900\">Ministerio de Trabajo e Inmigraci\u00f3n<\/span><\/a>,<\/span><\/strong>\u00a0<em>Bolet\u00edn de estad\u00edstica laborales<\/em>, varios n\u00fameros.<\/p>\n<p>Por lo tanto, las circunstancias que se observan m\u00e1s levemente en el caso de los parados espa\u00f1oles han afectado m\u00e1s a la poblaci\u00f3n inmigrante. El n\u00famero de perceptores inmigrantes de la prestaci\u00f3n asistencial era peque\u00f1o hasta el a\u00f1o 2008 (18,1%, frente al 37,8% de los espa\u00f1oles). Este hecho puede ayudar a desmontar el mito de que los inmigrantes est\u00e1n eternamente subsidiados.\t\t<\/p>\n","protected":false},"excerpt":{"rendered":"<p>Un dato revelador de la situaci\u00f3n de los trabajadores inmigrantes en tiempos de crisis se obtiene a trav\u00e9s del an\u00e1lisis de la evoluci\u00f3n del tipo de subsidio de desempleo percibido y de su comparaci\u00f3n con los parados espa\u00f1oles. Existen tres tipos de prestaciones por desempleo: La\u00a0prestaci\u00f3n contributiva, para personas que hayan perdido su empleo y &#8230; <a title=\"La protecci\u00f3n por desempleo entre los inmigrantes\" class=\"read-more\" href=\"https:\/\/blogs.comillas.edu\/informeespana\/2012\/01\/27\/la-proteccion-por-desempleo-entre-los-inmigrantes\/\" aria-label=\"Leer m\u00e1s sobre La protecci\u00f3n por desempleo entre los inmigrantes\">Leer m\u00e1s <\/a><\/p>\n","protected":false},"author":438,"featured_media":1094,"comment_status":"open","ping_status":"open","sticky":false,"template":"","format":"standard","meta":{"footnotes":""},"categories":[9,12,186],"tags":[831,3,189,18,834,837,840,843,846],"class_list":["post-1113","post","type-post","status-publish","format-standard","has-post-thumbnail","hentry","category-informe-espana","category-informe-espana-2011","category-inmigracion","tag-beneficiarios","tag-desempleo","tag-inmigracion","tag-paro","tag-prestacion-asistencial","tag-prestacion-contributiva","tag-prestaciones-por-desempleo","tag-renta-activa-de-insercion","tag-subsidio"],"_links":{"self":[{"href":"https:\/\/blogs.comillas.edu\/informeespana\/wp-json\/wp\/v2\/posts\/1113","targetHints":{"allow":["GET"]}}],"collection":[{"href":"https:\/\/blogs.comillas.edu\/informeespana\/wp-json\/wp\/v2\/posts"}],"about":[{"href":"https:\/\/blogs.comillas.edu\/informeespana\/wp-json\/wp\/v2\/types\/post"}],"author":[{"embeddable":true,"href":"https:\/\/blogs.comillas.edu\/informeespana\/wp-json\/wp\/v2\/users\/438"}],"replies":[{"embeddable":true,"href":"https:\/\/blogs.comillas.edu\/informeespana\/wp-json\/wp\/v2\/comments?post=1113"}],"version-history":[{"count":0,"href":"https:\/\/blogs.comillas.edu\/informeespana\/wp-json\/wp\/v2\/posts\/1113\/revisions"}],"wp:featuredmedia":[{"embeddable":true,"href":"https:\/\/blogs.comillas.edu\/informeespana\/wp-json\/"}],"wp:attachment":[{"href":"https:\/\/blogs.comillas.edu\/informeespana\/wp-json\/wp\/v2\/media?parent=1113"}],"wp:term":[{"taxonomy":"category","embeddable":true,"href":"https:\/\/blogs.comillas.edu\/informeespana\/wp-json\/wp\/v2\/categories?post=1113"},{"taxonomy":"post_tag","embeddable":true,"href":"https:\/\/blogs.comillas.edu\/informeespana\/wp-json\/wp\/v2\/tags?post=1113"}],"curies":[{"name":"wp","href":"https:\/\/api.w.org\/{rel}","templated":true}]}}