{"id":1099,"date":"2011-06-29T11:57:33","date_gmt":"2011-06-29T11:57:33","guid":{"rendered":"http:\/\/www.informe-espana.es\/?p=1099"},"modified":"2011-06-29T11:57:33","modified_gmt":"2011-06-29T11:57:33","slug":"redes-inmigracion-y-crisis-pasado-presente-y-futuro","status":"publish","type":"post","link":"https:\/\/blogs.comillas.edu\/informeespana\/2011\/06\/29\/redes-inmigracion-y-crisis-pasado-presente-y-futuro\/","title":{"rendered":"Redes, inmigraci\u00f3n y crisis: pasado, presente y futuro"},"content":{"rendered":"<p>\t\t\t\t<em>Redes e inmigraci\u00f3n: \u00bfqu\u00e9 v\u00ednculos existen?<\/em><\/p>\n<p>\u00bfPor qu\u00e9 migran las personas? Esta pregunta y sus posibles respuestas han dado lugar a las teor\u00edas explicativas sobre las\u00a0<strong><span style=\"color: #ff9900\"><a href=\"http:\/\/es.wikipedia.org\/wiki\/Migraci%C3%B3n\"><span style=\"color: #ff9900\">migraciones<\/span><\/a>\u00a0<\/span><\/strong>internacionales. Estas teor\u00edas analizan el fen\u00f3meno bien desde el punto de la decisi\u00f3n individual \u2013nivel micro\u2013, bien desde el contexto local o global de la migraci\u00f3n \u2013nivel macro\u2013, bien desde el\u00a0 tejido de relaciones, v\u00ednculos y estrategias que los grupos construyen en su proceso migratorio \u2013nivel meso\u2013. M\u00e1s all\u00e1 de los factores de expulsi\u00f3n y atracci\u00f3n, del mercado global de bienes, servicios y mano de obra, surgen los espacios trasnacionales con comunidades que, sin pertenecer totalmente al lugar de origen o al de recepci\u00f3n, hacen parte de ambos y configuran un nuevo espacio. Estamos hablando de las redes de inmigraci\u00f3n.<\/p>\n<p>Una red migratoria es siempre din\u00e1mica y m\u00f3vil. Nace por las relaciones interpersonales entre los que migran, los que se quedan y los que han migrado y retornado, y se sit\u00faa tanto en los pa\u00edses de origen como de destino.\u00a0 Estas relaciones inciden en la decisi\u00f3n de migrar, en la direcci\u00f3n y\u00a0 volumen de los flujos, en la reducci\u00f3n de costes y riesgos y en la percepci\u00f3n de que en todo el proceso, aun antes de la migraci\u00f3n, se cuenta con apoyos. Para que esta red funcione se transmite desde el principio informaci\u00f3n b\u00e1sica: para iniciar la migraci\u00f3n, para decidir el destino y para recibir la acogida y el primer acceso a los recursos sobre vivienda, trabajo, escolarizaci\u00f3n de los hijos, etc. Al mismo tiempo, la red posibilita la atenci\u00f3n de los miembros de la familia que quedan en origen y el env\u00edo de ayuda a \u00e9stos.<\/p>\n<p>En definitiva, es el capital social\u00a0 el elemento constitutivo en la formaci\u00f3n de las redes migratorias, pero se realimenta de los v\u00ednculos, relaciones e intercambios que se van produciendo al interior de la red y en contacto con otras redes similares.<br \/>\n<em>El rol de las redes en la llegada de la inmigraci\u00f3n y en el contexto de crisis<\/em><\/p>\n<p>Espa\u00f1a es ya un territorio de esa red social de inmigrantes. La base fundamental de esta red es familiar. A trav\u00e9s de ella se posee y se genera un cierto capital social, se aportan datos para migrar, se cuenta con contactos al llegar y \u00e9stos son cruciales para la b\u00fasqueda de empleo. Al mismo tiempo, la red familiar en origen se mantiene aunque con menor intensidad con el paso del tiempo, dato \u00e9ste \u00faltimo que se relaciona con la progresiva recomposici\u00f3n de la estructura familiar en la sociedad receptora. Se regresa peri\u00f3dicamente al pa\u00eds de origen, aunque los motivos de ese viaje se deben a vacaciones, para visitar a la familia y a amigos. Asimismo, la red migratoria se mantiene\u00a0 vinculada\u00a0 por el env\u00edo de las remesas.<\/p>\n<p>Con el paso del tiempo, la red familiar se diversifica y se espesa\u00a0 aqu\u00ed: es el caso de los migrantes m\u00e1s antiguos que tienen ya a toda su familia\u00a0 en n\u00facleos familiares independientes. Este dato, junto con el hecho de que muchos migrantes tienen vivienda en propiedad, evidencia adem\u00e1s un proyecto migratorio definitivo.<\/p>\n<p>Y es entonces cuando las redes migratorias superan a las familiares. Esas otras redes que funcionan en los espacios de ocio, en parques y \u201cfiestas patrias\u201d (especialmente en las fiestas que conmemoran la independencia de los pa\u00edses de Am\u00e9rica del Sur), en fiestas asociadas a distintas creencias y pr\u00e1cticas religiosas, en la recepci\u00f3n y el traslado de inmigrantes en el aeropuerto, en la informaci\u00f3n que circula para la escolarizaci\u00f3n de los hijos, en las viviendas compartidas, en el acompa\u00f1amiento espont\u00e1neo al reci\u00e9n llegado para explorar el nuevo territorio, en los espacios de comunicaci\u00f3n e informaci\u00f3n en bares y comercio \u00e9tnico, en el quehacer diario del tejido asociativo que conduce y acoge\u00a0 a muchos inmigrantes a las asociaciones creadas por ellos, mixtas o de espa\u00f1oles&#8230;<\/p>\n<p>La crisis econ\u00f3mica actual que afecta en distinta medida al colectivo inmigrante puede producir dos efectos contrarios en cuanto al funcionamiento de las redes sociales. Las redes de apoyo pueden ser el soporte de los m\u00e1s afectados por la crisis; sin embargo, la propia situaci\u00f3n de crisis puede llegar a vulnerar el principio de solidaridad\u00a0 al interior de la red. Sobre este \u00faltimo punto, son reveladores los resultados de la Memoria Anual de<strong><span style=\"color: #ff9900\">\u00a0<a href=\"http:\/\/www.caritasbcn.org\/es\/\"><span style=\"color: #ff9900\">C\u00e1ritas<\/span><\/a><\/span><\/strong>\u00a02009, que destaca que el 73% de las personas que acude a esta organizaci\u00f3n reconoce haber tenido a alguien para ayudarles, mientras que un 27% reconoce no haberlo tenido. El documento revelaba ya en ese a\u00f1o que un 34% de las personas admite que no cuenta con nadie en quien apoyarse cuando tiene problemas, mientras que un 37% de las personas atendidas en centros de C\u00e1ritas no cuentan con una red de apoyo social o familiar, y casi la mitad reconoce que no dispone del apoyo efectivo necesario. Uno de los principales desaf\u00edos que enfrentan las redes sociales en el actual contexto de crisis, tiene mucho que ver con los recursos econ\u00f3micos y humanos de que disponen para ayudar tanto a los espa\u00f1oles como a los inmigrantes que est\u00e1n en situaciones de vulnerabilidad.\t\t<\/p>\n","protected":false},"excerpt":{"rendered":"<p>Redes e inmigraci\u00f3n: \u00bfqu\u00e9 v\u00ednculos existen? \u00bfPor qu\u00e9 migran las personas? Esta pregunta y sus posibles respuestas han dado lugar a las teor\u00edas explicativas sobre las\u00a0migraciones\u00a0internacionales. Estas teor\u00edas analizan el fen\u00f3meno bien desde el punto de la decisi\u00f3n individual \u2013nivel micro\u2013, bien desde el contexto local o global de la migraci\u00f3n \u2013nivel macro\u2013, bien desde &#8230; <a title=\"Redes, inmigraci\u00f3n y crisis: pasado, presente y futuro\" class=\"read-more\" href=\"https:\/\/blogs.comillas.edu\/informeespana\/2011\/06\/29\/redes-inmigracion-y-crisis-pasado-presente-y-futuro\/\" aria-label=\"Leer m\u00e1s sobre Redes, inmigraci\u00f3n y crisis: pasado, presente y futuro\">Leer m\u00e1s <\/a><\/p>\n","protected":false},"author":438,"featured_media":1094,"comment_status":"open","ping_status":"open","sticky":false,"template":"","format":"standard","meta":{"footnotes":""},"categories":[9,12,186],"tags":[528,531,222,189,534,537,213],"class_list":["post-1099","post","type-post","status-publish","format-standard","has-post-thumbnail","hentry","category-informe-espana","category-informe-espana-2011","category-inmigracion","tag-capital-social","tag-caritas","tag-crisis","tag-inmigracion","tag-migraciones","tag-redes-de-inmigracion","tag-sociologia-de-la-inmigracion"],"_links":{"self":[{"href":"https:\/\/blogs.comillas.edu\/informeespana\/wp-json\/wp\/v2\/posts\/1099","targetHints":{"allow":["GET"]}}],"collection":[{"href":"https:\/\/blogs.comillas.edu\/informeespana\/wp-json\/wp\/v2\/posts"}],"about":[{"href":"https:\/\/blogs.comillas.edu\/informeespana\/wp-json\/wp\/v2\/types\/post"}],"author":[{"embeddable":true,"href":"https:\/\/blogs.comillas.edu\/informeespana\/wp-json\/wp\/v2\/users\/438"}],"replies":[{"embeddable":true,"href":"https:\/\/blogs.comillas.edu\/informeespana\/wp-json\/wp\/v2\/comments?post=1099"}],"version-history":[{"count":0,"href":"https:\/\/blogs.comillas.edu\/informeespana\/wp-json\/wp\/v2\/posts\/1099\/revisions"}],"wp:featuredmedia":[{"embeddable":true,"href":"https:\/\/blogs.comillas.edu\/informeespana\/wp-json\/"}],"wp:attachment":[{"href":"https:\/\/blogs.comillas.edu\/informeespana\/wp-json\/wp\/v2\/media?parent=1099"}],"wp:term":[{"taxonomy":"category","embeddable":true,"href":"https:\/\/blogs.comillas.edu\/informeespana\/wp-json\/wp\/v2\/categories?post=1099"},{"taxonomy":"post_tag","embeddable":true,"href":"https:\/\/blogs.comillas.edu\/informeespana\/wp-json\/wp\/v2\/tags?post=1099"}],"curies":[{"name":"wp","href":"https:\/\/api.w.org\/{rel}","templated":true}]}}