{"id":1021,"date":"2012-03-20T09:42:06","date_gmt":"2012-03-20T09:42:06","guid":{"rendered":"http:\/\/www.informe-espana.es\/?p=1021"},"modified":"2012-03-20T09:42:06","modified_gmt":"2012-03-20T09:42:06","slug":"evolucion-del-empleo-por-situacion-profesional","status":"publish","type":"post","link":"https:\/\/blogs.comillas.edu\/informeespana\/2012\/03\/20\/evolucion-del-empleo-por-situacion-profesional\/","title":{"rendered":"Evoluci\u00f3n del empleo por situaci\u00f3n profesional"},"content":{"rendered":"<p>\t\t\t\tNo todos los colectivos tienen la misma probabilidad de permanecer en el empleo o, por el contrario, de estar en desempleo. Las personas m\u00e1s j\u00f3venes o con menor nivel educativo tienen mayores tasas de paro. En la tabla se muestra la variaci\u00f3n en el n\u00famero de ocupados de acuerdo con la situaci\u00f3n profesional en los dos trimestres utilizados para comparar la situaci\u00f3n antes de la crisis econ\u00f3mica y en el \u00faltimo momento disponible. De acuerdo con estos datos, los asalariados del sector p\u00fablico son los que han mantenido su empleo. Frente a una ca\u00edda del 13,5% en los asalariados del sector privado, los del sector p\u00fablico se han incrementado en un 10,4%. Este aumento se concentra principalmente en mujeres, ocupaciones de cualificaci\u00f3n media y media-alta y en las Administraciones auton\u00f3mica y local. Seg\u00fan el estudio \u201cEl empleo p\u00fablico en Espa\u00f1a\u201d de M. A. Malo, L. Garrido y B. Cueto (que forma parte del libro\u00a0<em>Dos ensayos de actualidad sobre la econom\u00eda espa\u00f1ola,\u00a0<\/em>publicado por FUNCAS en 2011), las actividades del sector p\u00fablico en las que aumenta el empleo son las propias de la Administraci\u00f3n P\u00fablica, sanidad, saneamientos, servicios sociales y educaci\u00f3n no universitaria, lo que podr\u00eda relacionarse con la aplicaci\u00f3n de la Ley de Dependencia, la descentralizaci\u00f3n del Sistema Nacional de Salud y las funciones de seguridad.<\/p>\n<p><strong>Evoluci\u00f3n de los ocupados por sexo y situaci\u00f3n profesional. En miles. Cuarto trimestre de 2007-Segundo trimestre de 2011<\/strong><\/p>\n<table width=\"85%\" cellspacing=\"0\" cellpadding=\"0\" align=\"center\">\n<tbody>\n<tr>\n<td nowrap=\"nowrap\" height=\"24\"><\/td>\n<td>\n<div align=\"center\"><strong>Empleador<\/strong><\/div>\n<\/td>\n<td>\n<div align=\"center\"><strong>Empresario sin asalariados o trabajador independiente<\/strong><\/div>\n<\/td>\n<td>\n<div align=\"center\"><strong>Miembro de cooperativa<\/strong><\/div>\n<\/td>\n<td>\n<div align=\"center\"><strong>Ayuda familiar<\/strong><\/div>\n<\/td>\n<td>\n<div align=\"center\"><strong>Asalariados del sector p\u00fablico<\/strong><\/div>\n<\/td>\n<td>\n<div align=\"center\"><strong>Asalariados del sector privado<\/strong><\/div>\n<\/td>\n<td>\n<div align=\"center\"><strong>Otra situaci\u00f3n profesional<\/strong><\/div>\n<\/td>\n<td>\n<div align=\"center\"><strong>Total<\/strong><\/div>\n<\/td>\n<\/tr>\n<tr bgcolor=\"#CCCCCC\">\n<td nowrap=\"nowrap\"><strong>Hombres<\/strong><\/td>\n<td><\/td>\n<td><\/td>\n<td><\/td>\n<td><\/td>\n<td><\/td>\n<td><\/td>\n<td><\/td>\n<td><\/td>\n<\/tr>\n<tr>\n<td>2007<\/td>\n<td>\n<div align=\"right\">860,8<\/div>\n<\/td>\n<td>\n<div align=\"right\">1.490,7<\/div>\n<\/td>\n<td>\n<div align=\"right\">48,4<\/div>\n<\/td>\n<td>\n<div align=\"right\">75,4<\/div>\n<\/td>\n<td>\n<div align=\"right\">1.376,0<\/div>\n<\/td>\n<td>\n<div align=\"right\">8.141,2<\/div>\n<\/td>\n<td>\n<div align=\"right\">4,6<\/div>\n<\/td>\n<td>\n<div align=\"right\">11.997,1<\/div>\n<\/td>\n<\/tr>\n<tr>\n<td>2011<\/td>\n<td>\n<div align=\"right\">694,7<\/div>\n<\/td>\n<td>\n<div align=\"right\">1.225,0<\/div>\n<\/td>\n<td>\n<div align=\"right\">23,9<\/div>\n<\/td>\n<td>\n<div align=\"right\">62,1<\/div>\n<\/td>\n<td>\n<div align=\"right\">1.477,5<\/div>\n<\/td>\n<td>\n<div align=\"right\">6.577,7<\/div>\n<\/td>\n<td>\n<div align=\"right\">5,9<\/div>\n<\/td>\n<td>\n<div align=\"right\">10.066,8<\/div>\n<\/td>\n<\/tr>\n<tr>\n<td>Diferencia<\/td>\n<td>\n<div align=\"right\">\u2013166,1<\/div>\n<\/td>\n<td>\n<div align=\"right\">\u2013265,7<\/div>\n<\/td>\n<td>\n<div align=\"right\">\u201324,5<\/div>\n<\/td>\n<td>\n<div align=\"right\">\u201313,3<\/div>\n<\/td>\n<td>\n<div align=\"right\">101,5<\/div>\n<\/td>\n<td>\n<div align=\"right\">\u20131.563,5<\/div>\n<\/td>\n<td>\n<div align=\"right\">1,3<\/div>\n<\/td>\n<td>\n<div align=\"right\">\u20131.930,3<\/div>\n<\/td>\n<\/tr>\n<tr>\n<td>% de variaci\u00f3n<\/td>\n<td>\n<div align=\"right\">\u201319,3<\/div>\n<\/td>\n<td>\n<div align=\"right\">\u201317,8<\/div>\n<\/td>\n<td>\n<div align=\"right\">\u201350,6<\/div>\n<\/td>\n<td>\n<div align=\"right\">\u201317,6<\/div>\n<\/td>\n<td>\n<div align=\"right\">7,4<\/div>\n<\/td>\n<td>\n<div align=\"right\">\u201319,2<\/div>\n<\/td>\n<td>\n<div align=\"right\">28,3<\/div>\n<\/td>\n<td>\n<div align=\"right\">\u201316,1<\/div>\n<\/td>\n<\/tr>\n<tr bgcolor=\"#CCCCCC\">\n<td><strong>Mujeres<\/strong><\/td>\n<td>\n<div align=\"right\"><\/div>\n<\/td>\n<td>\n<div align=\"right\"><\/div>\n<\/td>\n<td>\n<div align=\"right\"><\/div>\n<\/td>\n<td>\n<div align=\"right\"><\/div>\n<\/td>\n<td>\n<div align=\"right\"><\/div>\n<\/td>\n<td>\n<div align=\"right\"><\/div>\n<\/td>\n<td>\n<div align=\"right\"><\/div>\n<\/td>\n<td>\n<div align=\"right\"><\/div>\n<\/td>\n<\/tr>\n<tr>\n<td>2007<\/td>\n<td>\n<div align=\"right\">275,6<\/div>\n<\/td>\n<td>\n<div align=\"right\">695,3<\/div>\n<\/td>\n<td>\n<div align=\"right\">20,2<\/div>\n<\/td>\n<td>\n<div align=\"right\">126,9<\/div>\n<\/td>\n<td>\n<div align=\"right\">1.537,3<\/div>\n<\/td>\n<td>\n<div align=\"right\">5.822,0<\/div>\n<\/td>\n<td>\n<div align=\"right\">2,5<\/div>\n<\/td>\n<td>\n<div align=\"right\">8.479,8<\/div>\n<\/td>\n<\/tr>\n<tr>\n<td>2011<\/td>\n<td>\n<div align=\"right\">258,0<\/div>\n<\/td>\n<td>\n<div align=\"right\">645,9<\/div>\n<\/td>\n<td>\n<div align=\"right\">10,8<\/div>\n<\/td>\n<td>\n<div align=\"right\">81,7<\/div>\n<\/td>\n<td>\n<div align=\"right\">1.740,0<\/div>\n<\/td>\n<td>\n<div align=\"right\">5.497,2<\/div>\n<\/td>\n<td>\n<div align=\"right\">2,6<\/div>\n<\/td>\n<td>\n<div align=\"right\">8.236,2<\/div>\n<\/td>\n<\/tr>\n<tr>\n<td>Diferencia<\/td>\n<td>\n<div align=\"right\">\u201317,6<\/div>\n<\/td>\n<td>\n<div align=\"right\">\u201349,4<\/div>\n<\/td>\n<td>\n<div align=\"right\">\u20139,4<\/div>\n<\/td>\n<td>\n<div align=\"right\">\u201345,2<\/div>\n<\/td>\n<td>\n<div align=\"right\">202,7<\/div>\n<\/td>\n<td>\n<div align=\"right\">\u2013324,8<\/div>\n<\/td>\n<td>\n<div align=\"right\">0,1<\/div>\n<\/td>\n<td>\n<div align=\"right\">\u2013243,6<\/div>\n<\/td>\n<\/tr>\n<tr>\n<td>% de variaci\u00f3n<\/td>\n<td>\n<div align=\"right\">\u20136,4<\/div>\n<\/td>\n<td>\n<div align=\"right\">\u20137,1<\/div>\n<\/td>\n<td>\n<div align=\"right\">\u201346,5<\/div>\n<\/td>\n<td>\n<div align=\"right\">\u201335,6<\/div>\n<\/td>\n<td>\n<div align=\"right\">13,2<\/div>\n<\/td>\n<td>\n<div align=\"right\">\u20135,6<\/div>\n<\/td>\n<td>\n<div align=\"right\">4,0<\/div>\n<\/td>\n<td>\n<div align=\"right\">\u20132,9<\/div>\n<\/td>\n<\/tr>\n<tr bgcolor=\"#CCCCCC\">\n<td><strong>Total<\/strong><\/td>\n<td>\n<div align=\"right\"><\/div>\n<\/td>\n<td>\n<div align=\"right\"><\/div>\n<\/td>\n<td>\n<div align=\"right\"><\/div>\n<\/td>\n<td>\n<div align=\"right\"><\/div>\n<\/td>\n<td>\n<div align=\"right\"><\/div>\n<\/td>\n<td>\n<div align=\"right\"><\/div>\n<\/td>\n<td>\n<div align=\"right\"><\/div>\n<\/td>\n<td>\n<div align=\"right\"><\/div>\n<\/td>\n<\/tr>\n<tr>\n<td>2007<\/td>\n<td>\n<div align=\"right\">1.136,3<\/div>\n<\/td>\n<td>\n<div align=\"right\">2.186,0<\/div>\n<\/td>\n<td>\n<div align=\"right\">68,6<\/div>\n<\/td>\n<td>\n<div align=\"right\">202,3<\/div>\n<\/td>\n<td>\n<div align=\"right\">2.913,3<\/div>\n<\/td>\n<td>\n<div align=\"right\">13.963,3<\/div>\n<\/td>\n<td>\n<div align=\"right\">7,1<\/div>\n<\/td>\n<td>\n<div align=\"right\">20.476,9<\/div>\n<\/td>\n<\/tr>\n<tr>\n<td>2011<\/td>\n<td>\n<div align=\"right\">952,7<\/div>\n<\/td>\n<td>\n<div align=\"right\">1.870,9<\/div>\n<\/td>\n<td>\n<div align=\"right\">34,8<\/div>\n<\/td>\n<td>\n<div align=\"right\">143,8<\/div>\n<\/td>\n<td>\n<div align=\"right\">3.217,5<\/div>\n<\/td>\n<td>\n<div align=\"right\">12.074,9<\/div>\n<\/td>\n<td>\n<div align=\"right\">8,4<\/div>\n<\/td>\n<td>\n<div align=\"right\">18.303,0<\/div>\n<\/td>\n<\/tr>\n<tr>\n<td>Diferencia<\/td>\n<td>\n<div align=\"right\">\u2013183,6<\/div>\n<\/td>\n<td>\n<div align=\"right\">\u2013315,1<\/div>\n<\/td>\n<td>\n<div align=\"right\">\u201333,8<\/div>\n<\/td>\n<td>\n<div align=\"right\">\u201358,5<\/div>\n<\/td>\n<td>\n<div align=\"right\">304,2<\/div>\n<\/td>\n<td>\n<div align=\"right\">\u20131.888,4<\/div>\n<\/td>\n<td>\n<div align=\"right\">1,3<\/div>\n<\/td>\n<td>\n<div align=\"right\">\u20132.173,9<\/div>\n<\/td>\n<\/tr>\n<tr>\n<td nowrap=\"nowrap\">% de variaci\u00f3n<\/td>\n<td>\n<div align=\"right\">\u201316,2<\/div>\n<\/td>\n<td>\n<div align=\"right\">\u201314,4<\/div>\n<\/td>\n<td>\n<div align=\"right\">\u201349,3<\/div>\n<\/td>\n<td>\n<div align=\"right\">\u201328,9<\/div>\n<\/td>\n<td>\n<div align=\"right\">10,4<\/div>\n<\/td>\n<td>\n<div align=\"right\">\u201313,5<\/div>\n<\/td>\n<td>\n<div align=\"right\">18,3<\/div>\n<\/td>\n<td>\n<div align=\"right\">\u201310,6<\/div>\n<\/td>\n<\/tr>\n<\/tbody>\n<\/table>\n<p><strong>Fuente:\u00a0<\/strong>Elaboraci\u00f3n Fundaci\u00f3n Encuentro a partir de INE,\u00a0<strong><span style=\"color: #ff9900\"><a href=\"http:\/\/www.ine.es\/jaxi\/menu.do?type=pcaxis&amp;path=%2Ft22\/e308_mnu&amp;file=inebase&amp;L=0\" target=\"_blank\" rel=\"noopener noreferrer\"><span style=\"color: #ff9900\"><em>Encuesta de Poblaci\u00f3n Activa<\/em><\/span><\/a>,<\/span><\/strong> varios n\u00fameros.<\/p>\n<p>Otro de los grupos afectados por la crisis son los trabajadores por cuenta propia. Los aut\u00f3nomos suponen en torno al 15% de la poblaci\u00f3n ocupada y conforman un colectivo muy heterog\u00e9neo, pero determinante, para la econom\u00eda de un pa\u00eds, puesto que son quienes crean empresas. Una de sus caracter\u00edsticas es su concentraci\u00f3n en determinados sectores: el comercio, la hosteler\u00eda, la construcci\u00f3n y la industria manufacturera. La especializaci\u00f3n en estas dos \u00faltimas ramas de actividad explica, al menos en parte, la reducci\u00f3n tanto de empleadores como de empresarios sin asalariados.\t\t<\/p>\n","protected":false},"excerpt":{"rendered":"<p>No todos los colectivos tienen la misma probabilidad de permanecer en el empleo o, por el contrario, de estar en desempleo. Las personas m\u00e1s j\u00f3venes o con menor nivel educativo tienen mayores tasas de paro. En la tabla se muestra la variaci\u00f3n en el n\u00famero de ocupados de acuerdo con la situaci\u00f3n profesional en los &#8230; <a title=\"Evoluci\u00f3n del empleo por situaci\u00f3n profesional\" class=\"read-more\" href=\"https:\/\/blogs.comillas.edu\/informeespana\/2012\/03\/20\/evolucion-del-empleo-por-situacion-profesional\/\" aria-label=\"Leer m\u00e1s sobre Evoluci\u00f3n del empleo por situaci\u00f3n profesional\">Leer m\u00e1s <\/a><\/p>\n","protected":false},"author":357,"featured_media":978,"comment_status":"open","ping_status":"open","sticky":false,"template":"","format":"standard","meta":{"footnotes":""},"categories":[9,12,15],"tags":[750,69,267,54,753,18,756,759],"class_list":["post-1021","post","type-post","status-publish","format-standard","has-post-thumbnail","hentry","category-informe-espana","category-informe-espana-2011","category-paro","tag-autonomos","tag-encuesta-de-poblacion-activa","tag-ine","tag-nivel-educativo","tag-ocupados","tag-paro","tag-situacion-profesional","tag-trabajadores-por-cuenta-propia"],"_links":{"self":[{"href":"https:\/\/blogs.comillas.edu\/informeespana\/wp-json\/wp\/v2\/posts\/1021","targetHints":{"allow":["GET"]}}],"collection":[{"href":"https:\/\/blogs.comillas.edu\/informeespana\/wp-json\/wp\/v2\/posts"}],"about":[{"href":"https:\/\/blogs.comillas.edu\/informeespana\/wp-json\/wp\/v2\/types\/post"}],"author":[{"embeddable":true,"href":"https:\/\/blogs.comillas.edu\/informeespana\/wp-json\/wp\/v2\/users\/357"}],"replies":[{"embeddable":true,"href":"https:\/\/blogs.comillas.edu\/informeespana\/wp-json\/wp\/v2\/comments?post=1021"}],"version-history":[{"count":0,"href":"https:\/\/blogs.comillas.edu\/informeespana\/wp-json\/wp\/v2\/posts\/1021\/revisions"}],"wp:featuredmedia":[{"embeddable":true,"href":"https:\/\/blogs.comillas.edu\/informeespana\/wp-json\/"}],"wp:attachment":[{"href":"https:\/\/blogs.comillas.edu\/informeespana\/wp-json\/wp\/v2\/media?parent=1021"}],"wp:term":[{"taxonomy":"category","embeddable":true,"href":"https:\/\/blogs.comillas.edu\/informeespana\/wp-json\/wp\/v2\/categories?post=1021"},{"taxonomy":"post_tag","embeddable":true,"href":"https:\/\/blogs.comillas.edu\/informeespana\/wp-json\/wp\/v2\/tags?post=1021"}],"curies":[{"name":"wp","href":"https:\/\/api.w.org\/{rel}","templated":true}]}}