{"id":1019,"date":"2012-04-14T09:35:49","date_gmt":"2012-04-14T09:35:49","guid":{"rendered":"http:\/\/www.informe-espana.es\/?p=1019"},"modified":"2012-04-14T09:35:49","modified_gmt":"2012-04-14T09:35:49","slug":"radiografia-del-paro-en-espana-desde-1976","status":"publish","type":"post","link":"https:\/\/blogs.comillas.edu\/informeespana\/2012\/04\/14\/radiografia-del-paro-en-espana-desde-1976\/","title":{"rendered":"Radiograf\u00eda del paro en Espa\u00f1a desde 1976"},"content":{"rendered":"<p>\t\t\t\tLa urgencia de las situaciones inmediatas impide con frecuencia los an\u00e1lisis de m\u00e1s largo recorrido, necesarios para entender los procesos subyacentes que influyen en los resultados de cada momento y, sobre todo, para actuar sobre los factores que determinan esos procesos que constituyen un modelo por el que se opta consciente o inconscientemente. El gr\u00e1fico con la evoluci\u00f3n de la tasa de paro desde 1976, desagregada por sexo, \u00a0es uno de esos indicadores de largo alcance que nos debe hacer reflexionar sobre las causas de un aspecto b\u00e1sico para la econom\u00eda y la sociedad espa\u00f1olas.<\/p>\n<p>En apenas dos a\u00f1os, la tasa de paro, que se hab\u00eda reducido sustancialmente a niveles no registrados previamente desde mediados de la d\u00e9cada de los setenta, se ha m\u00e1s que duplicado. En 2007 hab\u00eda 1.760.000 personas en paro, un 8% de la poblaci\u00f3n activa. La tasa de paro masculina se situaba en un 6,1% y la femenina en un 10,5%. Parec\u00eda que la econom\u00eda espa\u00f1ola hab\u00eda conseguido controlar uno de sus principales problemas, el alto desempleo, incluso en momentos de elevado crecimiento econ\u00f3mico.<\/p>\n<p><strong>Gr\u00e1fico 9 &#8211; Evoluci\u00f3n de la tasa de paro por sexo. 1976-2011<\/strong><\/p>\n<p style=\"text-align: center\"><a href=\"http:\/\/www.informe-espana.es\/wp-content\/uploads\/2014\/03\/C1-G09.jpg\"><img loading=\"lazy\" decoding=\"async\" class=\"wp-image-1012 aligncenter\" alt=\"C1-G09\" src=\"http:\/\/www.informe-espana.es\/wp-content\/uploads\/2014\/03\/C1-G09.jpg\" width=\"500\" height=\"314\" \/><\/a><\/p>\n<p><strong>Fuente:\u00a0<\/strong>Elaboraci\u00f3n Fundaci\u00f3n Encuentro a partir de\u00a0<a href=\"http:\/\/www.ine.es\/\" target=\"_blank\" rel=\"noopener noreferrer\">INE<\/a>,\u00a0<em>Encuesta de Poblaci\u00f3n Activa<\/em>, varios n\u00fameros.<\/p>\n<p>Sin embargo, lo ocurrido en la crisis de 1991-1994 se ha repetido con mayor intensidad a\u00fan. En apenas dos a\u00f1os, la tasa de paro ha vuelto a situarse en los niveles de 1993, retrocediendo en pocos meses el camino ganado en diez a\u00f1os de intenso crecimiento del empleo. En el gr\u00e1fico se observa la escalada de la tasa de paro que pasa de un 8% en 2007 a un 17% en 2009; es decir, se duplica en apenas seis trimestres.<\/p>\n<p>Un aspecto diferencial, en este punto, es que la tradicional brecha entre hombres y mujeres ha quedado eliminada como consecuencia de la brutal p\u00e9rdida de empleo masculino. Con la nueva definici\u00f3n de desempleo establecida en 2001, la diferencia era de unos 8 puntos porcentuales y decrec\u00eda lentamente, aunque la tasa de paro femenina segu\u00eda duplicando a la masculina. Sin embargo, a partir de 2008 ambos indicadores siguen la misma evoluci\u00f3n y se sit\u00faan en torno al 21%. Esto no significa, ni mucho menos, que la brecha laboral entre hombres y mujeres se haya eliminado. Aunque en t\u00e9rminos de desempleo no exista, sigue habiendo una diferencia en t\u00e9rminos de actividad y ocupaci\u00f3n que, si bien se ha reducido en los \u00faltimos a\u00f1os, contin\u00faa siendo un \u00e1mbito de acci\u00f3n para las pol\u00edticas de empleo.\t\t<\/p>\n","protected":false},"excerpt":{"rendered":"<p>La urgencia de las situaciones inmediatas impide con frecuencia los an\u00e1lisis de m\u00e1s largo recorrido, necesarios para entender los procesos subyacentes que influyen en los resultados de cada momento y, sobre todo, para actuar sobre los factores que determinan esos procesos que constituyen un modelo por el que se opta consciente o inconscientemente. El gr\u00e1fico &#8230; <a title=\"Radiograf\u00eda del paro en Espa\u00f1a desde 1976\" class=\"read-more\" href=\"https:\/\/blogs.comillas.edu\/informeespana\/2012\/04\/14\/radiografia-del-paro-en-espana-desde-1976\/\" aria-label=\"Leer m\u00e1s sobre Radiograf\u00eda del paro en Espa\u00f1a desde 1976\">Leer m\u00e1s <\/a><\/p>\n","protected":false},"author":357,"featured_media":978,"comment_status":"open","ping_status":"open","sticky":false,"template":"","format":"standard","meta":{"footnotes":""},"categories":[9,12,15],"tags":[1005,3,69,267,18,1008,1011,984],"class_list":["post-1019","post","type-post","status-publish","format-standard","has-post-thumbnail","hentry","category-informe-espana","category-informe-espana-2011","category-paro","tag-brecha-laboral","tag-desempleo","tag-encuesta-de-poblacion-activa","tag-ine","tag-paro","tag-paro-femenino","tag-paro-masculino","tag-tasa-de-paro"],"_links":{"self":[{"href":"https:\/\/blogs.comillas.edu\/informeespana\/wp-json\/wp\/v2\/posts\/1019","targetHints":{"allow":["GET"]}}],"collection":[{"href":"https:\/\/blogs.comillas.edu\/informeespana\/wp-json\/wp\/v2\/posts"}],"about":[{"href":"https:\/\/blogs.comillas.edu\/informeespana\/wp-json\/wp\/v2\/types\/post"}],"author":[{"embeddable":true,"href":"https:\/\/blogs.comillas.edu\/informeespana\/wp-json\/wp\/v2\/users\/357"}],"replies":[{"embeddable":true,"href":"https:\/\/blogs.comillas.edu\/informeespana\/wp-json\/wp\/v2\/comments?post=1019"}],"version-history":[{"count":0,"href":"https:\/\/blogs.comillas.edu\/informeespana\/wp-json\/wp\/v2\/posts\/1019\/revisions"}],"wp:featuredmedia":[{"embeddable":true,"href":"https:\/\/blogs.comillas.edu\/informeespana\/wp-json\/"}],"wp:attachment":[{"href":"https:\/\/blogs.comillas.edu\/informeespana\/wp-json\/wp\/v2\/media?parent=1019"}],"wp:term":[{"taxonomy":"category","embeddable":true,"href":"https:\/\/blogs.comillas.edu\/informeespana\/wp-json\/wp\/v2\/categories?post=1019"},{"taxonomy":"post_tag","embeddable":true,"href":"https:\/\/blogs.comillas.edu\/informeespana\/wp-json\/wp\/v2\/tags?post=1019"}],"curies":[{"name":"wp","href":"https:\/\/api.w.org\/{rel}","templated":true}]}}