{"id":1003,"date":"2012-06-05T09:24:46","date_gmt":"2012-06-05T09:24:46","guid":{"rendered":"http:\/\/www.informe-espana.es\/?p=1003"},"modified":"2012-06-05T09:24:46","modified_gmt":"2012-06-05T09:24:46","slug":"el-paro-de-larga-duracion-y-la-incidencia-del-desempleo-en-las-familias","status":"publish","type":"post","link":"https:\/\/blogs.comillas.edu\/informeespana\/2012\/06\/05\/el-paro-de-larga-duracion-y-la-incidencia-del-desempleo-en-las-familias\/","title":{"rendered":"El paro de larga duraci\u00f3n y la incidencia del desempleo en las familias"},"content":{"rendered":"<p>\t\t\t\tUna de las conclusiones m\u00e1s habituales en los an\u00e1lisis sobre el desempleo es que conforme aumenta el per\u00edodo en paro, disminuyen las posibilidades de vuelta a la ocupaci\u00f3n. Con el paso del tiempo, el capital humano acumulado, ya sea formal o informalmente, se pierde y la reinserci\u00f3n se complica. De ah\u00ed que entre las recomendaciones de pol\u00edtica laboral se incluyan medidas para evitar el paro de larga duraci\u00f3n y se fomente la participaci\u00f3n en pol\u00edticas activas durante los primeros meses de paro de forma que se vuelva al empleo antes de que trascurra un a\u00f1o.<\/p>\n<p>El desempleo de larga duraci\u00f3n en Espa\u00f1a se situaba entre los m\u00e1s altos de la Uni\u00f3n Europea. Como se puede apreciar en el gr\u00e1fico 12, entre 1987 y 1997, el porcentaje de personas que llevaban m\u00e1s de un a\u00f1o en situaci\u00f3n de desempleo se situaba por encima del 50%, siendo superior para las mujeres que para los hombres. La expansi\u00f3n iniciada en los a\u00f1os noventa redujo este porcentaje, que alcanz\u00f3 su m\u00ednimo en 2008 (21%), y tambi\u00e9n la brecha entre hombres y mujeres.<\/p>\n<p><strong>Gr\u00e1fico 12 \u2013 Evoluci\u00f3n de los parados que llevan un a\u00f1o o m\u00e1s en situaci\u00f3n de desempleo por sexo. En porcentaje. 1987-2011<\/strong><\/p>\n<p style=\"text-align: center\"><a href=\"http:\/\/www.informe-espana.es\/wp-content\/uploads\/2014\/03\/C1-G12.jpg\"><img decoding=\"async\" class=\" wp-image-1004 aligncenter\" alt=\"C1-G12\" src=\"http:\/\/www.informe-espana.es\/wp-content\/uploads\/2014\/03\/C1-G12.jpg\" width=\"500\" \/><\/a><\/p>\n<p><strong>Fuente:<\/strong>\u00a0Elaboraci\u00f3n Fundaci\u00f3n Encuentro a partir de\u00a0<strong><span style=\"color: #ff9900\"><a href=\"http:\/\/www.ine.es\/\" target=\"_blank\" rel=\"noopener noreferrer\"><span style=\"color: #ff9900\">INE<\/span><\/a><\/span><\/strong>,\u00a0<em>Encuesta de Poblaci\u00f3n Activa<\/em>, varios n\u00fameros.<\/p>\n<p>El brusco aumento del desempleo ha dado lugar tambi\u00e9n a un incremento del paro de larga duraci\u00f3n, de forma en el segundo trimestre de 2011 el porcentaje de personas con m\u00e1s de un a\u00f1o de antig\u00fcedad en el desempleo ascend\u00eda al 47,8%. Al igual que ocurre con el desempleo, tambi\u00e9n en el paro de larga duraci\u00f3n se ha eliminado la tradicional mayor incidencia femenina.<\/p>\n<p>El desempleo es una situaci\u00f3n preocupante a nivel individual pero tambi\u00e9n lo es, incluso m\u00e1s, desde una perspectiva familiar. La posici\u00f3n que ocupa en la familia cada persona es una variable clave, puesto que la probabilidad de estar empleado de cada miembro de la familia depende de esa posici\u00f3n. Los maridos son los que tienen mayor \u00edndice de ocupabilidad, en el extremo opuesto se encuentran los hijos que estudian y en las posiciones intermedias las esposas y los hijos que no estudian. Como consecuencia, el efecto del desempleo sobre la unidad familiar ser\u00e1 distinto en funci\u00f3n de qu\u00e9 posici\u00f3n ocupe la persona parada.<\/p>\n<p>La mayor intensidad de la crisis actual, respecto a la experimentada en 1990-1994, tambi\u00e9n se ve reflejada en el r\u00e1pido crecimiento de la tasa de paro de las personas de referencia en el hogar (gr\u00e1fico 13). El m\u00e1ximo se alcanz\u00f3 en 1994, con m\u00e1s de un 13%, pero cay\u00f3 durante la etapa de expansi\u00f3n hasta situarse ligeramente por encima del 5%. Sin embargo, en apenas tres a\u00f1os ha aumentado intensamente hasta superar el 15%. Tambi\u00e9n en este indicador la habitual brecha entre hombres y mujeres se ha cerrado pr\u00e1cticamente.<\/p>\n<p><strong>Gr\u00e1fico 13 \u2013 Evoluci\u00f3n de la tasa de paro de la persona de referencia del hogar por sexo. 1987-2011<\/strong><\/p>\n<p style=\"text-align: center\"><a href=\"http:\/\/www.informe-espana.es\/wp-content\/uploads\/2014\/03\/C1-G13.jpg\"><img decoding=\"async\" class=\" wp-image-1005 aligncenter\" alt=\"C1-G13\" src=\"http:\/\/www.informe-espana.es\/wp-content\/uploads\/2014\/03\/C1-G13.jpg\" width=\"500\" \/><\/a><\/p>\n<p><strong>Fuente:<\/strong>\u00a0Elaboraci\u00f3n Fundaci\u00f3n Encuentro a partir de INE,\u00a0<em>Encuesta de Poblaci\u00f3n Activa<\/em>, varios n\u00fameros.<\/p>\n<p>Otra de las consecuencias m\u00e1s negativas del desempleo es el incremento del n\u00famero de hogares en los que todas las personas activas se encuentran en paro. Como se puede observar en la tabla 6, el porcentaje de hogares en esta situaci\u00f3n en el \u00faltimo trimestre de 2007 no llegaba al 4%, pero en el segundo trimestre de 2011 superaba el 10,5%. De la misma forma, la proporci\u00f3n de hogares en los que todos los activos est\u00e1n ocupados se ha reducido en casi 16 puntos porcentuales.<\/p>\n<p><strong>Tabla 6 \u2013 Evoluci\u00f3n de la incidencia del paro en viviendas familiares con al menos un activo por proporci\u00f3n de parados. En porcentaje. 2007-2011<\/strong><\/p>\n<table width=\"85%\" cellspacing=\"0\" cellpadding=\"0\" align=\"center\">\n<tbody>\n<tr>\n<td nowrap=\"nowrap\"><\/td>\n<td>\n<div align=\"center\"><strong>Todos los activos son parados<\/strong><\/div>\n<\/td>\n<td>\n<div align=\"center\"><strong>Al menos la mitad de los activos son parados<\/strong><\/div>\n<\/td>\n<td>\n<div align=\"center\"><strong>Todos los activos son ocupados<\/strong><\/div>\n<\/td>\n<\/tr>\n<tr>\n<td nowrap=\"nowrap\">2007TIV<\/td>\n<td>\n<div align=\"right\">3,56<\/div>\n<\/td>\n<td>\n<div align=\"right\">10,50<\/div>\n<\/td>\n<td>\n<div align=\"right\">86,23<\/div>\n<\/td>\n<\/tr>\n<tr>\n<td nowrap=\"nowrap\">2011TII<\/td>\n<td>\n<div align=\"right\">10,53<\/div>\n<\/td>\n<td>\n<div align=\"right\">25,15<\/div>\n<\/td>\n<td>\n<div align=\"right\">70,52<\/div>\n<\/td>\n<\/tr>\n<\/tbody>\n<\/table>\n<p><strong>Fuente:\u00a0<\/strong>Elaboraci\u00f3n Fundaci\u00f3n Encuentro a partir de INE,\u00a0<em>Encuesta de Poblaci\u00f3n Activa<\/em>, varios n\u00fameros.<\/p>\n<p>En los hogares en los que no hay ning\u00fan ocupado, no se percib\u00eda ning\u00fan ingreso en un 9,6% de los casos en el segundo trimestre de 2011. Sin duda, el sistema de prestaciones por desempleo y los programas temporales de protecci\u00f3n por desempleo han contribuido a mejorar situaciones que con otro escenario ser\u00edan de necesidad. Aunque este porcentaje no se puede calificar como elevado, la duraci\u00f3n de la crisis probablemente contribuya a aumentar el n\u00famero de hogares sin ingresos, puesto que el trabajo es la principal fuente de renta de las familias.\t\t<\/p>\n","protected":false},"excerpt":{"rendered":"<p>Una de las conclusiones m\u00e1s habituales en los an\u00e1lisis sobre el desempleo es que conforme aumenta el per\u00edodo en paro, disminuyen las posibilidades de vuelta a la ocupaci\u00f3n. Con el paso del tiempo, el capital humano acumulado, ya sea formal o informalmente, se pierde y la reinserci\u00f3n se complica. De ah\u00ed que entre las recomendaciones &#8230; <a title=\"El paro de larga duraci\u00f3n y la incidencia del desempleo en las familias\" class=\"read-more\" href=\"https:\/\/blogs.comillas.edu\/informeespana\/2012\/06\/05\/el-paro-de-larga-duracion-y-la-incidencia-del-desempleo-en-las-familias\/\" aria-label=\"Leer m\u00e1s sobre El paro de larga duraci\u00f3n y la incidencia del desempleo en las familias\">Leer m\u00e1s <\/a><\/p>\n","protected":false},"author":357,"featured_media":978,"comment_status":"open","ping_status":"open","sticky":false,"template":"","format":"standard","meta":{"footnotes":""},"categories":[9,12,15],"tags":[948,228,951,18,954,957,960,963],"class_list":["post-1003","post","type-post","status-publish","format-standard","has-post-thumbnail","hentry","category-informe-espana","category-informe-espana-2011","category-paro","tag-capital-humano","tag-familia","tag-indice-de-ocupabilidad","tag-paro","tag-paro-de-larga-duracion","tag-persona-de-referencia-en-el-hogar","tag-politica-laboral","tag-reinsercion"],"_links":{"self":[{"href":"https:\/\/blogs.comillas.edu\/informeespana\/wp-json\/wp\/v2\/posts\/1003","targetHints":{"allow":["GET"]}}],"collection":[{"href":"https:\/\/blogs.comillas.edu\/informeespana\/wp-json\/wp\/v2\/posts"}],"about":[{"href":"https:\/\/blogs.comillas.edu\/informeespana\/wp-json\/wp\/v2\/types\/post"}],"author":[{"embeddable":true,"href":"https:\/\/blogs.comillas.edu\/informeespana\/wp-json\/wp\/v2\/users\/357"}],"replies":[{"embeddable":true,"href":"https:\/\/blogs.comillas.edu\/informeespana\/wp-json\/wp\/v2\/comments?post=1003"}],"version-history":[{"count":0,"href":"https:\/\/blogs.comillas.edu\/informeespana\/wp-json\/wp\/v2\/posts\/1003\/revisions"}],"wp:featuredmedia":[{"embeddable":true,"href":"https:\/\/blogs.comillas.edu\/informeespana\/wp-json\/"}],"wp:attachment":[{"href":"https:\/\/blogs.comillas.edu\/informeespana\/wp-json\/wp\/v2\/media?parent=1003"}],"wp:term":[{"taxonomy":"category","embeddable":true,"href":"https:\/\/blogs.comillas.edu\/informeespana\/wp-json\/wp\/v2\/categories?post=1003"},{"taxonomy":"post_tag","embeddable":true,"href":"https:\/\/blogs.comillas.edu\/informeespana\/wp-json\/wp\/v2\/tags?post=1003"}],"curies":[{"name":"wp","href":"https:\/\/api.w.org\/{rel}","templated":true}]}}