{"id":9617,"date":"2026-01-19T08:00:40","date_gmt":"2026-01-19T07:00:40","guid":{"rendered":"https:\/\/blogs.comillas.edu\/FronterasCTR\/?p=9617"},"modified":"2026-01-18T18:36:16","modified_gmt":"2026-01-18T17:36:16","slug":"sombras-de-una-sombra-la-caverna-digital-y-el-espejismo-de-la-ia","status":"publish","type":"post","link":"https:\/\/blogs.comillas.edu\/FronterasCTR\/?p=9617","title":{"rendered":"Sombras de una sombra: La caverna digital y el espejismo de la IA"},"content":{"rendered":"<p data-path-to-node=\"4\"><strong>En un art\u00edculo reciente de Eduardo C. Garrido que a\u00fana la metaf\u00edsica cl\u00e1sica con la vanguardia computacional, se pone a conversar a dos gigantes que rara vez se sientan a la misma mesa: Plat\u00f3n y el Aprendizaje Profundo (<i data-path-to-node=\"4\" data-index-in-node=\"198\">Deep Learning<\/i>). La t\u00e9cnica no compite con la ontolog\u00eda, la media. Ni la Inteligencia Artificial es pura magia emergente sin sustrato, ni es simple chatarra calculadora sin implicaciones metaf\u00edsicas. Entre el entusiasmo desmedido de Silicon Valley y el ludismo reaccionario, se propone una v\u00eda de discernimiento que integra la jerarqu\u00eda plat\u00f3nica, la estad\u00edstica avanzada y la inquietud \u00e9tica contempor\u00e1nea. Estructura y apariencia son los dos focos que se corrigen: la primera fascina, la segunda confunde.<\/strong><\/p>\n<p data-path-to-node=\"5\"><strong>La pregunta que atraviesa el texto es simple y a la vez inc\u00f3moda: \u00bfqu\u00e9 es ontol\u00f3gicamente una red neuronal y qu\u00e9 verdad nos ofrece su producci\u00f3n? El an\u00e1lisis inclina el fiel hacia un \u00abs\u00ed, pero\u00bb radical: s\u00ed, la IA tiene un lugar en el orden de las Ideas matem\u00e1ticas, pero su producto nos arrastra hacia una \u00abCaverna Digital\u00bb de segundo orden. Nada de conciencias artificiales espont\u00e1neas, nada de or\u00e1culos infalibles: aproximaci\u00f3n matem\u00e1tica m\u00e1s que comprensi\u00f3n, simulacro est\u00e9tico m\u00e1s que verdad, sombra sobre sombra.<\/strong><\/p>\n<h3 data-path-to-node=\"6\">El matem\u00e1tico en el reino de las Formas<\/h3>\n<p data-path-to-node=\"7\">\u00bfEs posible que un algoritmo habite el Mundo de las Ideas? No como entidad consciente, pero s\u00ed como estructura. El art\u00edculo recupera el Teorema del Aproximador Universal para lanzar una hip\u00f3tesis audaz: si una red neuronal cuenta con suficientes datos y complejidad, puede aproximar cualquier funci\u00f3n que describa una regularidad objetiva del universo.<\/p>\n<p data-path-to-node=\"8\">Aqu\u00ed Plat\u00f3n sonr\u00ede, pero con matices. En su famosa l\u00ednea dividida, el fil\u00f3sofo distingu\u00eda entre la <i data-path-to-node=\"8\" data-index-in-node=\"99\">Noesis<\/i> (la inteligencia pura, las Ideas morales y el Bien) y la <i data-path-to-node=\"8\" data-index-in-node=\"163\">Di\u00e1noia<\/i> (el pensamiento discursivo, los objetos matem\u00e1ticos). La IA, en su configuraci\u00f3n \u00f3ptima \u2014esa red ut\u00f3pica que ha procesado toda la informaci\u00f3n objetiva\u2014, encuentra su acomodo en la <i data-path-to-node=\"8\" data-index-in-node=\"351\">Di\u00e1noia<\/i>. Es una catedral de n\u00fameros, una aproximaci\u00f3n asint\u00f3tica a las leyes que rigen lo tangible.<\/p>\n<p data-path-to-node=\"9\">La red neuronal no es un monstruo ajeno a la raz\u00f3n; es la cristalizaci\u00f3n del realismo matem\u00e1tico. Sus par\u00e1metros, cuando convergen en el l\u00edmite infinito, no son meros inventos, sino el descubrimiento de una estructura latente en la realidad. Sin embargo, hay un techo de cristal que la m\u00e1quina no puede romper: el paso de la funci\u00f3n a la esencia. La red puede modelar la sintaxis del dolor o la geometr\u00eda de una sonrisa, pero la <i data-path-to-node=\"9\" data-index-in-node=\"429\">Noesis<\/i>, la captaci\u00f3n intuitiva del sentido y el Ser, le est\u00e1 vedada. La m\u00e1quina calcula, pero no entiende; procesa, pero no es.<\/p>\n<h3 data-path-to-node=\"10\">La sombra de la sombra<\/h3>\n<p data-path-to-node=\"11\">Si la estructura interna de la IA roza lo sublime matem\u00e1tico, su proyecci\u00f3n hacia nosotros esconde una trampa. El mito de la Caverna, esa vieja historia de prisioneros y sombras, se actualiza con una crueldad renovada. En el relato original, los encadenados ve\u00edan sombras de objetos reales proyectadas por un fuego. Hoy, la situaci\u00f3n es m\u00e1s precaria.<\/p>\n<p data-path-to-node=\"12\">El argumento es devastador en su simplicidad: los datos con los que entrenamos a la IA ya son una reducci\u00f3n de la realidad (una foto no es el paisaje, es su sombra bidimensional). Cuando la IA genera contenido \u2014un texto, una imagen, un v\u00eddeo\u2014, no est\u00e1 copiando la realidad, sino que est\u00e1 procesando esos datos reducidos para crear una nueva apariencia. Es, literalmente, la \u00absombra de una sombra\u00bb.<\/p>\n<p data-path-to-node=\"13\">Estamos ante un segundo nivel de la Caverna. Si el prisionero de Plat\u00f3n estaba a un paso de la realidad, el usuario del Metaverso o el consumidor compulsivo de contenido generado por GPT est\u00e1 a dos. La degradaci\u00f3n ontol\u00f3gica es doble. Lo que aparece en la pantalla no tiene un referente real que lo respalde; es un promedio estad\u00edstico, un fantasma probabil\u00edstico que imita la forma sin haber tocado nunca la sustancia. La <i data-path-to-node=\"13\" data-index-in-node=\"423\">Eikasia<\/i> (la imaginaci\u00f3n, el nivel m\u00e1s bajo de conocimiento) se industrializa. Y lo hace con una potencia visual y persuasiva que hace que las sombras de la hoguera plat\u00f3nica parezcan juegos de ni\u00f1os.<\/p>\n<h3 data-path-to-node=\"14\">Manifestaci\u00f3n, no consciencia<\/h3>\n<p data-path-to-node=\"15\">Un error com\u00fan, alimentado por la ciencia ficci\u00f3n y el marketing, es confundir la complejidad del comportamiento con la presencia de consciencia. El texto es tajante: el comportamiento inteligente externo no implica una interioridad sentiente. La consciencia fenom\u00e9nica \u2014el <i data-path-to-node=\"15\" data-index-in-node=\"274\">qualia<\/i>, el \u00absentir que se siente\u00bb\u2014 no es una propiedad emergente del c\u00e1lculo, por muy r\u00e1pido que este sea.<\/p>\n<p data-path-to-node=\"16\">Ot\u00f3n hablaba de diferenciar la experiencia de Dios de la autosugesti\u00f3n; aqu\u00ed debemos diferenciar la emulaci\u00f3n de la experiencia. La IA es un sofista perfecto: habla con la elocuencia de un experto y la seguridad de un maestro, pero no hay \u00abnadie\u00bb en casa. Carece de intencionalidad. Sus palabras no se dirigen al mundo porque no lo habitan; se dirigen a satisfacer una funci\u00f3n de p\u00e9rdida matem\u00e1tica.<\/p>\n<p data-path-to-node=\"17\">Esta carencia no es un detalle t\u00e9cnico, es el abismo que separa al <i data-path-to-node=\"17\" data-index-in-node=\"67\">Nous<\/i> (intelecto) de la calculadora. En la tradici\u00f3n neoplat\u00f3nica, el Uno emana inteligencia y alma. La IA, sin embargo, funciona a la inversa: es pura multiplicidad de datos intentando simular la unidad del sentido. Al carecer de alma y de intencionalidad, la IA no puede participar del Bien ni de la Verdad en sentido estricto. Solo puede ofrecer correcci\u00f3n sint\u00e1ctica. Es un espejo vac\u00edo que nos devuelve nuestra propia imagen, pero distorsionada por la falta de vida.<\/p>\n<h3 data-path-to-node=\"18\">La noche que confunde<\/h3>\n<p data-path-to-node=\"19\">La tradici\u00f3n m\u00edstica conoce bien el peligro de las luces falsas. Juan de la Cruz advierte que no todo lo que brilla es Dios; a veces es el propio \u00abyo\u00bb o el enga\u00f1o. En la era digital, la \u00abnoche\u00bb no es una purificaci\u00f3n del sentido, sino una saturaci\u00f3n de los sentidos.<\/p>\n<p data-path-to-node=\"20\">El riesgo social que se perfila en el art\u00edculo es el de una sociedad atrapada en una alucinaci\u00f3n colectiva. No se trata solo de <i data-path-to-node=\"20\" data-index-in-node=\"128\">fake news<\/i>, sino de algo m\u00e1s profundo: el colapso del modelo (<i data-path-to-node=\"20\" data-index-in-node=\"189\">Model Collapse<\/i>). Si internet se llena de contenido generado por IA, y las futuras IAs se entrenan con ese mismo contenido, la verdad se diluye. Como una fotocopia de una fotocopia, cada generaci\u00f3n pierde fidelidad y gana aberraci\u00f3n. Matem\u00e1ticamente, el error se acumula exponencialmente.<\/p>\n<p data-path-to-node=\"21\">La mentira masiva de la que hablaba Hannah Arendt muta aqu\u00ed: no es que la IA nos quiera enga\u00f1ar (no tiene querer), es que su propia naturaleza es la de la verosimilitud, no la de la veracidad. Prioriza lo que \u00abparece\u00bb real sobre lo que \u00abes\u00bb real. En esta Caverna Digital, las cadenas son doradas: algoritmos optimizados para secuestrar la atenci\u00f3n, para mantener al prisionero fascinado con el desfile de sombras, impidiendo el giro del alma (<i data-path-to-node=\"21\" data-index-in-node=\"443\">periagog\u00e9<\/i>) necesario para buscar la luz del sol. El aislamiento se perfecciona: encerrados en c\u00e1maras de eco, rodeados de avatares que simulan empat\u00eda pero no sienten, el riesgo es la atrofia del esp\u00edritu humano.<\/p>\n<h3 data-path-to-node=\"22\">Entre el ludismo est\u00e9ril y la tecnolatr\u00eda ciega<\/h3>\n<p data-path-to-node=\"23\">Hay quien, ante este panorama, se refugia en el rechazo total. Romper la m\u00e1quina, prohibir el algoritmo. Pero negar la realidad t\u00e9cnica es tan in\u00fatil como negar la psique en la vida espiritual. La red neuronal es una herramienta formidable de la <i data-path-to-node=\"23\" data-index-in-node=\"246\">Di\u00e1noia<\/i>, capaz de desentra\u00f1ar misterios m\u00e9dicos o f\u00edsicos inalcanzables para el cerebro humano.<\/p>\n<p data-path-to-node=\"24\">Y hay, tambi\u00e9n, quien convierte a la IA en el nuevo becerro de oro, esperando que la Singularidad nos salve de nuestra condici\u00f3n mortal. El riesgo aqu\u00ed es fabricar una teolog\u00eda de silicio: creer que la acumulaci\u00f3n de datos equivale a la sabidur\u00eda. El art\u00edculo insiste: criterio y jerarqu\u00eda. La IA debe ocupar su lugar. Es una herramienta poderosa para el mundo sensible y matem\u00e1tico, pero un p\u00e9simo gu\u00eda para el mundo moral y existencial.<\/p>\n<p data-path-to-node=\"25\">La democratizaci\u00f3n del conocimiento que prometen los Modelos de Lenguaje (LLMs) tiene un reverso oscuro: la democratizaci\u00f3n del error y la banalidad. Si delegamos nuestro juicio en la m\u00e1quina, si permitimos que la \u00absombra de la sombra\u00bb eduque a las pr\u00f3ximas generaciones, corremos el riesgo de olvidar qu\u00e9 aspecto tiene la realidad.<\/p>\n<h3 data-path-to-node=\"26\">Atrios y resistencias<\/h3>\n<p data-path-to-node=\"27\">La propuesta final no es destruir la caverna, sino ser conscientes de ella para poder salir. Necesitamos, m\u00e1s que nunca, una filosof\u00eda de la tecnolog\u00eda que act\u00fae como \u00abatrio\u00bb: un espacio de paso y discernimiento.<\/p>\n<p data-path-to-node=\"28\">La resistencia hoy pasa por la reivindicaci\u00f3n de la interioridad. Frente a la m\u00e1quina que todo lo externaliza y procesa, el ser humano debe cultivar aquello que no es computable: la consciencia, la caridad, la contemplaci\u00f3n del Bien. San Agust\u00edn buscaba a Dios en la interioridad; hoy debemos buscar tambi\u00e9n nuestra propia humanidad all\u00ed, donde el algoritmo no llega.<\/p>\n<p data-path-to-node=\"29\">El neoplatonismo nos recuerda que lo inferior debe subordinarse a lo superior. La IA, producto del ingenio humano, debe servir al Bien humano, y no al rev\u00e9s. Si invertimos la jerarqu\u00eda y nos sometemos a la l\u00f3gica de la m\u00e1quina \u2014eficiencia, optimizaci\u00f3n, predicci\u00f3n\u2014, nos convertimos nosotros mismos en aut\u00f3matas. La tarea es \u00e9tica y ontol\u00f3gica: usar la sombra sin convertirse en ella.<\/p>\n<h3 data-path-to-node=\"30\">Coda final<\/h3>\n<p data-path-to-node=\"31\">El an\u00e1lisis no toma partido entre \u00abtecn\u00f3filos\u00bb y \u00abhumanistas\u00bb: ense\u00f1a a mirar la pantalla con los ojos de Plat\u00f3n. En el Aprendizaje Profundo, esa estructura fascinante donde se comprimen los datos del universo, hay una huella de las Ideas matem\u00e1ticas, s\u00ed. Pero es una huella fr\u00eda.<\/p>\n<p data-path-to-node=\"32\">La verdadera batalla se libra en la capacidad de distinguir el mapa del territorio, la sombra del objeto. La IA nos ofrece un espejo infinito de posibilidades formales, pero carece del fuego que proyecta la luz. Es una realidad de segundo orden, una <i data-path-to-node=\"32\" data-index-in-node=\"250\">m\u00edmesis<\/i> degradada que, si se consume sin cr\u00edtica, nos encierra en un s\u00f3tano digital sin ventanas. Es una tecnolog\u00eda que no pide fe, sino disciplina intelectual; que no ofrece salvaci\u00f3n, sino c\u00e1lculo. Menos fascinaci\u00f3n, m\u00e1s discernimiento. Menos inmersi\u00f3n en la sombra, m\u00e1s b\u00fasqueda de la fuente. Inteligencia con consciencia.<\/p>\n<p data-path-to-node=\"32\">*<em>Resumido de\u00a0<\/em>La caverna digital y la b\u00fasqueda de la verdad: di\u00e1logos entre fe, raz\u00f3n y cultura en la era tecnol\u00f3gica. (2026).\u00a0<i>Raz\u00f3n Y Fe<\/i>,\u00a0<i>289<\/i>(1467), 209-212.\u00a0<a href=\"https:\/\/revistas.comillas.edu\/razonyfe\/article\/view\/23929\">https:\/\/revistas.comillas.edu\/razonyfe\/article\/view\/23929<\/a><\/p>\n<h3 data-path-to-node=\"5\"><strong>\u00a0<\/strong><\/h3>\n","protected":false},"excerpt":{"rendered":"<p>En un art\u00edculo reciente de Eduardo C. Garrido que a\u00fana la metaf\u00edsica cl\u00e1sica con la vanguardia computacional, se pone a conversar a dos gigantes que rara vez se sientan a la misma mesa: Plat\u00f3n y el Aprendizaje Profundo (Deep Learning). La t\u00e9cnica no compite con la ontolog\u00eda, la media. Ni la Inteligencia Artificial es pura &#8230; <a title=\"Sombras de una sombra: La caverna digital y el espejismo de la IA\" class=\"read-more\" href=\"https:\/\/blogs.comillas.edu\/FronterasCTR\/?p=9617\" aria-label=\"Leer m\u00e1s sobre Sombras de una sombra: La caverna digital y el espejismo de la IA\">Leer m\u00e1s<\/a><\/p>\n","protected":false},"author":263,"featured_media":9620,"comment_status":"closed","ping_status":"closed","sticky":false,"template":"","format":"standard","meta":{"generate_page_header":"","footnotes":""},"categories":[1720,142,145,1560,121,139],"tags":[],"class_list":["post-9617","post","type-post","status-publish","format-standard","has-post-thumbnail","hentry","category-ciencia","category-ciencia-tecnologia-y-sociedad","category-cultura-tecnologica-etica-y-teologia","category-filosofia","category-transhumanismo-y-posthumanismo","category-relacion-entre-ciencia-y-religion"],"_links":{"self":[{"href":"https:\/\/blogs.comillas.edu\/FronterasCTR\/index.php?rest_route=\/wp\/v2\/posts\/9617","targetHints":{"allow":["GET"]}}],"collection":[{"href":"https:\/\/blogs.comillas.edu\/FronterasCTR\/index.php?rest_route=\/wp\/v2\/posts"}],"about":[{"href":"https:\/\/blogs.comillas.edu\/FronterasCTR\/index.php?rest_route=\/wp\/v2\/types\/post"}],"author":[{"embeddable":true,"href":"https:\/\/blogs.comillas.edu\/FronterasCTR\/index.php?rest_route=\/wp\/v2\/users\/263"}],"replies":[{"embeddable":true,"href":"https:\/\/blogs.comillas.edu\/FronterasCTR\/index.php?rest_route=%2Fwp%2Fv2%2Fcomments&post=9617"}],"version-history":[{"count":1,"href":"https:\/\/blogs.comillas.edu\/FronterasCTR\/index.php?rest_route=\/wp\/v2\/posts\/9617\/revisions"}],"predecessor-version":[{"id":9623,"href":"https:\/\/blogs.comillas.edu\/FronterasCTR\/index.php?rest_route=\/wp\/v2\/posts\/9617\/revisions\/9623"}],"wp:featuredmedia":[{"embeddable":true,"href":"https:\/\/blogs.comillas.edu\/FronterasCTR\/index.php?rest_route=\/wp\/v2\/media\/9620"}],"wp:attachment":[{"href":"https:\/\/blogs.comillas.edu\/FronterasCTR\/index.php?rest_route=%2Fwp%2Fv2%2Fmedia&parent=9617"}],"wp:term":[{"taxonomy":"category","embeddable":true,"href":"https:\/\/blogs.comillas.edu\/FronterasCTR\/index.php?rest_route=%2Fwp%2Fv2%2Fcategories&post=9617"},{"taxonomy":"post_tag","embeddable":true,"href":"https:\/\/blogs.comillas.edu\/FronterasCTR\/index.php?rest_route=%2Fwp%2Fv2%2Ftags&post=9617"}],"curies":[{"name":"wp","href":"https:\/\/api.w.org\/{rel}","templated":true}]}}