{"id":9509,"date":"2025-11-24T08:00:13","date_gmt":"2025-11-24T07:00:13","guid":{"rendered":"https:\/\/blogs.comillas.edu\/FronterasCTR\/?p=9509"},"modified":"2025-11-23T18:09:48","modified_gmt":"2025-11-23T17:09:48","slug":"la-fe-creadora-en-unamuno","status":"publish","type":"post","link":"https:\/\/blogs.comillas.edu\/FronterasCTR\/?p=9509","title":{"rendered":"La fe creadora en Unamuno"},"content":{"rendered":"<p class=\"Ensayo\"><strong>[Guzm\u00e1n Gila] Si hay un autor que representa la lucha interna entre la raz\u00f3n y la fe, ese es Miguel de Unamuno. En su obra <a href=\"https:\/\/www.alianzaeditorial.es\/libro\/bibliotecas-de-autor\/del-sentimiento-tragico-de-la-vida-miguel-de-unamuno-9788420676098\/\"><em data-start=\"2709\" data-end=\"2745\">Del sentimiento tr\u00e1gico de la vida<\/em><\/a> expone la problem\u00e1tica de la fe tras la \u201cmuerte de Dios\u201d. Vamos a tratar de desarrollar, en la medida de lo posible, el pensamiento de Unamuno, un pensamiento que vive de la contradicci\u00f3n, la lucha y, en \u00faltimo t\u00e9rmino, la m\u00e1s profunda tragedia.<\/strong><\/p>\n<h3 class=\"Ensayo\"><b>El deseo de inmortalidad<\/b><\/h3>\n<p><strong><img loading=\"lazy\" decoding=\"async\" class=\"alignleft wp-image-9512\" src=\"http:\/\/blogs.comillas.edu\/FronterasCTR\/wp-content\/uploads\/sites\/24\/2025\/11\/9788420676098-del-sentimiento-tragico-de-la-vida-200x300.jpg\" alt=\"\" width=\"191\" height=\"287\" srcset=\"https:\/\/blogs.comillas.edu\/FronterasCTR\/wp-content\/uploads\/sites\/24\/2025\/11\/9788420676098-del-sentimiento-tragico-de-la-vida-200x300.jpg 200w, https:\/\/blogs.comillas.edu\/FronterasCTR\/wp-content\/uploads\/sites\/24\/2025\/11\/9788420676098-del-sentimiento-tragico-de-la-vida-683x1024.jpg 683w, https:\/\/blogs.comillas.edu\/FronterasCTR\/wp-content\/uploads\/sites\/24\/2025\/11\/9788420676098-del-sentimiento-tragico-de-la-vida-768x1152.jpg 768w, https:\/\/blogs.comillas.edu\/FronterasCTR\/wp-content\/uploads\/sites\/24\/2025\/11\/9788420676098-del-sentimiento-tragico-de-la-vida.jpg 1000w\" sizes=\"auto, (max-width: 191px) 100vw, 191px\" \/><\/strong><\/p>\n<p data-start=\"3023\" data-end=\"3438\">Unamuno siempre trata de alejarse de los conceptos abstractos. No quiere usar para su pensamiento ideas generales, sino seres concretos: \u00abNi lo humano ni la humanidad, ni el adjetivo simple, ni el adjetivo sustantivado, sino el sustantivo concreto: el hombre\u00bb. Este hombre concreto es al que Unamuno se refiere como \u201c<strong>el hombre de carne y hueso<\/strong>\u201d: el hombre que vive y muere, que sufre y goza, el que piensa y quiere.<\/p>\n<p data-start=\"3440\" data-end=\"3825\">Unamuno se vuelve su propio objeto de estudio; se convierte \u00e9l mismo en ese hombre de carne y hueso que ha de estudiar y, por tanto, se convierte <strong>en su propio problema a resolver<\/strong>. El an\u00e1lisis introspectivo que Unamuno realiza sobre s\u00ed, y que \u00e9l supone presente en toda persona, le lleva a la conclusi\u00f3n de que existe un deseo de inmortalidad, un anhelo de vida que mueve al ser humano.<\/p>\n<p data-start=\"3827\" data-end=\"4201\">Este deseo se manifiesta en un amor a la vida: una b\u00fasqueda incesante de poseerlo todo sin perder nuestra propia conciencia e individualidad, un anhelo de Dios, de perpetuarme en el tiempo. Esta b\u00fasqueda de perpetuaci\u00f3n se muestra en el propio hacer humano: <strong>act\u00fao para perpetuarme<\/strong>. Pero, ante este anhelo de vida, aparece la realidad de la muerte y la conciencia de finitud.<\/p>\n<h3 class=\"Ensayo\"><b>La raz\u00f3n finita<\/b><\/h3>\n<p class=\"Ensayo\">Pese al deseo de inmortalidad, el hombre de carne y hueso <strong>es consciente de la finitud de su existencia<\/strong>. Para Unamuno no hay ninguna esperanza racional posible de trascendencia: no puedo llegar a la conclusi\u00f3n de mi inmortalidad mediante la raz\u00f3n. La propia idea de Dios como Absoluto ha muerto. El intento de abarcarlo todo mediante la raz\u00f3n no nos da razones de vida, sino solo conceptos muertos.<\/p>\n<blockquote>\n<p class=\"Citaensayo\">La ciencia, en cuanto sustitutiva de la religi\u00f3n, y la raz\u00f3n en cuanto sustitutiva de la fe, han fracasado siempre. La ciencia podr\u00e1 satisfacer, y de hecho satisface en una medida creciente, nuestras crecientes necesidades l\u00f3gicas o mentales, nuestro anhelo de saber y conocer la verdad; pero la ciencia no satisface nuestras necesidades afectivas y volitivas, nuestra hambre de inmortalidad, y lejos de satisfacerla, contrad\u00edcela. La verdad racional y la vida est\u00e1n en contraposici\u00f3n. \u00bfY hay acaso otra verdad que la verdad racional?<\/p>\n<\/blockquote>\n<p class=\"Ensayo\">Existe, por tanto, una <strong>lucha entre el deseo de inmortalidad y la conciencia de finitud<\/strong>. En esta l\u00f3gica contradictoria (pero no dial\u00e9ctica) yace el sentimiento tr\u00e1gico de la existencia humana.<\/p>\n<h3 class=\"Ensayo\"><b>Deseo contra conciencia<\/b><\/h3>\n<p class=\"Ensayo\">Esta lucha de la conciencia contra el anhelo se ha tratado de resolver de dos maneras paradigm\u00e1ticas. Schopenhauer sostiene que debemos <strong>eliminar el deseo<\/strong>; de este modo podr\u00edamos sobrevivir en una realidad finita. Otro modo es el que plantea Nietzsche, que defiende <strong>abrazar la finitud<\/strong>: hacer de nuestra vida finita lo m\u00e1ximo que podamos. Pero, para Unamuno, ninguna de estas opciones soluciona el problema. <strong>La lucha es eterna,<\/strong> y es lo que hace de la vida una tragedia.<\/p>\n<blockquote>\n<p class=\"Citaensayo\">El mismo que cree estar convencido de que con la muerte acaba siempre su conciencia personal, su memoria, en aquel escondrijo le queda una sombra, una vaga sombra, una sombra de sombra de incertidumbre, y mientras \u00e9l se dice: \u201c\u00a1Ea!, \u00a1a vivir esta vida pasajera, que no hay otra!\u201d, el silencio de aquel escondrijo le dice: \u201c\u00a1Qui\u00e9n sabe!\u201d. Cree acaso no o\u00edrlo, pero lo oye. Y en un repliegue tambi\u00e9n del alma del creyente que guarde m\u00e1s fe en la vida futura hay una voz tapada, voz de incertidumbre, que le cuchichea al o\u00eddo espiritual: \u201c\u00a1Qui\u00e9n sabe!\u201d.<\/p>\n<\/blockquote>\n<p class=\"Ensayo\">La vida se juega en esta contradicci\u00f3n: <strong>la contradicci\u00f3n entre la cabeza y el coraz\u00f3n<\/strong>. Y esta lucha interna la sufre Unamuno y la sufrimos todos. En esta especie de verdad \u201cparaconsistente\u201d, que sostiene simult\u00e1neamente el anhelo y la certeza, Unamuno encuentra la salvaci\u00f3n no en la raz\u00f3n, sino en la fe.<\/p>\n<h3 class=\"Ensayo\"><b>La fe creadora<\/b><\/h3>\n<p class=\"Ensayo\">Para Unamuno la fe es lo \u00fanico que puede dar sentido a la vida; lo \u00fanico que evita caer en un nihilismo suicida del cuerpo y del esp\u00edritu. La fe es fuerza creadora. <strong>La fe no es creer lo que no hemos visto, sino crear lo que no vemos.<\/strong><\/p>\n<p class=\"Citaensayo\">\u00abLa fe en Dios consiste en crear a Dios, y como es Dios el que nos da la fe en \u00c9l, es Dios el que se est\u00e1 creando a s\u00ed mismo de continuo en nosotros\u00bb. Y esta fe creadora se manifiesta en el acto de amar: amando a Dios le creamos, y Dios nos ama a su vez. Esto es lo que nos da combustible de vida, no razones l\u00f3gicas o filos\u00f3ficas. <strong>En la fe yace la posibilidad del deseo<\/strong>, que es alimento de vida; es amor para vivir.<\/p>\n<blockquote>\n<p class=\"Citaensayo\">Y es que al Dios vivo, al Dios humano, no se llega por camino de raz\u00f3n, sino por camino de amor y de sufrimiento. La raz\u00f3n nos aparta m\u00e1s bien de \u00c9l. No es posible conocerle para luego amarle, hay que empezar por amarle, por anhelarle, por tener hambre de \u00c9l, antes de conocerle. El conocimiento de Dios procede del amor a Dios, y es un conocimiento que poco o nada tienen de racional. Porque Dios es indefinible. Querer definir a Dios es pretender limitarlo en nuestra mente, es decir, matarlo. En cuanto tratamos de definirlo, nos surge la nada.<\/p>\n<\/blockquote>\n<p class=\"Citaensayo\">\n","protected":false},"excerpt":{"rendered":"<p>[Guzm\u00e1n Gila] Si hay un autor que representa la lucha interna entre la raz\u00f3n y la fe, ese es Miguel de Unamuno. En su obra Del sentimiento tr\u00e1gico de la vida expone la problem\u00e1tica de la fe tras la \u201cmuerte de Dios\u201d. Vamos a tratar de desarrollar, en la medida de lo posible, el pensamiento &#8230; <a title=\"La fe creadora en Unamuno\" class=\"read-more\" href=\"https:\/\/blogs.comillas.edu\/FronterasCTR\/?p=9509\" aria-label=\"Leer m\u00e1s sobre La fe creadora en Unamuno\">Leer m\u00e1s<\/a><\/p>\n","protected":false},"author":263,"featured_media":9518,"comment_status":"closed","ping_status":"closed","sticky":false,"template":"","format":"standard","meta":{"generate_page_header":"","footnotes":""},"categories":[1560],"tags":[669,264,346,2027,307],"class_list":["post-9509","post","type-post","status-publish","format-standard","has-post-thumbnail","hentry","category-filosofia","tag-ciencia","tag-fe","tag-razon","tag-tragedia","tag-unamuno"],"_links":{"self":[{"href":"https:\/\/blogs.comillas.edu\/FronterasCTR\/index.php?rest_route=\/wp\/v2\/posts\/9509","targetHints":{"allow":["GET"]}}],"collection":[{"href":"https:\/\/blogs.comillas.edu\/FronterasCTR\/index.php?rest_route=\/wp\/v2\/posts"}],"about":[{"href":"https:\/\/blogs.comillas.edu\/FronterasCTR\/index.php?rest_route=\/wp\/v2\/types\/post"}],"author":[{"embeddable":true,"href":"https:\/\/blogs.comillas.edu\/FronterasCTR\/index.php?rest_route=\/wp\/v2\/users\/263"}],"replies":[{"embeddable":true,"href":"https:\/\/blogs.comillas.edu\/FronterasCTR\/index.php?rest_route=%2Fwp%2Fv2%2Fcomments&post=9509"}],"version-history":[{"count":1,"href":"https:\/\/blogs.comillas.edu\/FronterasCTR\/index.php?rest_route=\/wp\/v2\/posts\/9509\/revisions"}],"predecessor-version":[{"id":9515,"href":"https:\/\/blogs.comillas.edu\/FronterasCTR\/index.php?rest_route=\/wp\/v2\/posts\/9509\/revisions\/9515"}],"wp:featuredmedia":[{"embeddable":true,"href":"https:\/\/blogs.comillas.edu\/FronterasCTR\/index.php?rest_route=\/wp\/v2\/media\/9518"}],"wp:attachment":[{"href":"https:\/\/blogs.comillas.edu\/FronterasCTR\/index.php?rest_route=%2Fwp%2Fv2%2Fmedia&parent=9509"}],"wp:term":[{"taxonomy":"category","embeddable":true,"href":"https:\/\/blogs.comillas.edu\/FronterasCTR\/index.php?rest_route=%2Fwp%2Fv2%2Fcategories&post=9509"},{"taxonomy":"post_tag","embeddable":true,"href":"https:\/\/blogs.comillas.edu\/FronterasCTR\/index.php?rest_route=%2Fwp%2Fv2%2Ftags&post=9509"}],"curies":[{"name":"wp","href":"https:\/\/api.w.org\/{rel}","templated":true}]}}