{"id":9434,"date":"2025-11-03T08:00:59","date_gmt":"2025-11-03T07:00:59","guid":{"rendered":"https:\/\/blogs.comillas.edu\/FronterasCTR\/?p=9434"},"modified":"2025-10-29T20:50:06","modified_gmt":"2025-10-29T19:50:06","slug":"desmitificando-la-inteligencia-artificial-fundamentos-aplicaciones-y-reflexiones","status":"publish","type":"post","link":"https:\/\/blogs.comillas.edu\/FronterasCTR\/?p=9434","title":{"rendered":"Desmitificando la Inteligencia Artificial: fundamentos, aplicaciones y reflexiones"},"content":{"rendered":"<p><strong>[Guzm\u00e1n Gila]<\/strong><\/p>\n<p><strong>El pasado jueves 23 de octubre, en la Facultad de ICADE (Universidad Pontificia Comillas), tuvo lugar un encuentro organizado por la Sociedad de Filosof\u00eda e Historia y la Sociedad de Marketing de Comillas sobre la inteligencia artificial general (IAG) desde una perspectiva interdisciplinar. Participaron el Dr. Jaime Pizarroso, ingeniero y profesor de aprendizaje profundo y explicabilidad de la inteligencia artificial en ICAI; el Dr. Asier Arias Dom\u00ednguez, profesor del Departamento de L\u00f3gica y Filosof\u00eda Te\u00f3rica de la Universidad Complutense de Madrid; y el Dr. Luis Garv\u00eda, profesor en Comillas, analista econ\u00f3mico en la Sexta y director del m\u00e1ster de riesgo. Cada ponente abord\u00f3 el tema desde un \u00e1ngulo distinto, pero hubo una l\u00ednea com\u00fan: desmitificar la IA.<\/strong><\/p>\n<h3>Desmitificaci\u00f3n t\u00e9cnica<\/h3>\n<p><img loading=\"lazy\" decoding=\"async\" class=\"alignleft size-medium wp-image-9452\" src=\"http:\/\/blogs.comillas.edu\/FronterasCTR\/wp-content\/uploads\/sites\/24\/2025\/11\/Imagen-de-WhatsApp-2025-10-29-a-las-20.16.15_cf18b467-213x300.jpg\" alt=\"\" width=\"213\" height=\"300\" srcset=\"https:\/\/blogs.comillas.edu\/FronterasCTR\/wp-content\/uploads\/sites\/24\/2025\/11\/Imagen-de-WhatsApp-2025-10-29-a-las-20.16.15_cf18b467-213x300.jpg 213w, https:\/\/blogs.comillas.edu\/FronterasCTR\/wp-content\/uploads\/sites\/24\/2025\/11\/Imagen-de-WhatsApp-2025-10-29-a-las-20.16.15_cf18b467-726x1024.jpg 726w, https:\/\/blogs.comillas.edu\/FronterasCTR\/wp-content\/uploads\/sites\/24\/2025\/11\/Imagen-de-WhatsApp-2025-10-29-a-las-20.16.15_cf18b467-768x1084.jpg 768w, https:\/\/blogs.comillas.edu\/FronterasCTR\/wp-content\/uploads\/sites\/24\/2025\/11\/Imagen-de-WhatsApp-2025-10-29-a-las-20.16.15_cf18b467.jpg 1080w\" sizes=\"auto, (max-width: 213px) 100vw, 213px\" \/>El Dr. Jaime Pizarroso abri\u00f3 la sesi\u00f3n con una exposici\u00f3n clara y rigurosa sobre <strong>c\u00f3mo funciona la IA<\/strong> y qu\u00e9 es realmente. Subray\u00f3 que, en el fondo, la IA no es m\u00e1s que un <strong>aproximador<\/strong>: opera a partir de los datos que se le proporcionan para acercarse lo m\u00e1ximo posible al resultado deseado. Este proceso consume muchos recursos y, si no se dise\u00f1a correctamente, los resultados no est\u00e1n garantizados. Por ello, <strong>no es recomendable<\/strong>, en el desarrollo de software, delegar en la IA aquellas tareas que pueden programarse de forma expl\u00edcita.<\/p>\n<p>Como ya se ha explicado, la IA exige <strong>enormes vol\u00famenes de datos<\/strong> y superordenadores para procesarlos. Esta necesidad de infraestructura ha favorecido que <strong>NVIDIA domine el mercado de las GPU<\/strong>. En conjunto, la implementaci\u00f3n de sistemas de IA es extremadamente costosa (seg\u00fan se coment\u00f3, OpenAI, una de las empresas m\u00e1s conocidas del sector, pierde 30 c\u00e9ntimos por cada euro invertido) y, en palabras del propio Pizarroso, con el modelo actual <strong>es imposible alcanzar una inteligencia artificial general<\/strong>, una IA \u201cpara todo\u201d, que adem\u00e1s sea rentable.<\/p>\n<h3>Desmitificaci\u00f3n econ\u00f3mica<\/h3>\n<p>El Dr. Luis Garv\u00eda comenz\u00f3 con un consejo: \u00ab<strong>Todo lo que hag\u00e1is en privado es posible que se haga p\u00fablico<\/strong>\u00bb. No es solo una<img loading=\"lazy\" decoding=\"async\" class=\"size-medium wp-image-9455 alignright\" src=\"http:\/\/blogs.comillas.edu\/FronterasCTR\/wp-content\/uploads\/sites\/24\/2025\/11\/Imagen-de-WhatsApp-2025-10-29-a-las-20.16.15_e1fe6807-242x300.jpg\" alt=\"\" width=\"242\" height=\"300\" srcset=\"https:\/\/blogs.comillas.edu\/FronterasCTR\/wp-content\/uploads\/sites\/24\/2025\/11\/Imagen-de-WhatsApp-2025-10-29-a-las-20.16.15_e1fe6807-242x300.jpg 242w, https:\/\/blogs.comillas.edu\/FronterasCTR\/wp-content\/uploads\/sites\/24\/2025\/11\/Imagen-de-WhatsApp-2025-10-29-a-las-20.16.15_e1fe6807-826x1024.jpg 826w, https:\/\/blogs.comillas.edu\/FronterasCTR\/wp-content\/uploads\/sites\/24\/2025\/11\/Imagen-de-WhatsApp-2025-10-29-a-las-20.16.15_e1fe6807-768x952.jpg 768w, https:\/\/blogs.comillas.edu\/FronterasCTR\/wp-content\/uploads\/sites\/24\/2025\/11\/Imagen-de-WhatsApp-2025-10-29-a-las-20.16.15_e1fe6807.jpg 1080w\" sizes=\"auto, (max-width: 242px) 100vw, 242px\" \/> advertencia sobre la privacidad en redes; conviene recordar que \u201cla nube\u201d es, en realidad, el ordenador de otro. Por tanto, todo lo que subimos a herramientas generativas como ChatGPT puede llegar a ser accesible para terceros. Garv\u00eda a\u00f1adi\u00f3: \u00ab<strong>Usad la IA todo lo que pod\u00e1is, pero usadla bien.<\/strong> Igual que no us\u00e1is la plancha para calentar espaguetis, no us\u00e9is la IA para lo que no corresponde\u00bb.<\/p>\n<p>Recalc\u00f3, adem\u00e1s, que en las grandes revoluciones tecnol\u00f3gicas el mayor impacto a menudo no proviene de la tecnolog\u00eda en s\u00ed, sino de lo que posibilita a su alrededor. As\u00ed como lo que transform\u00f3 las finanzas no fue solo el tren de vapor, sino el tel\u00e9grafo que conectaba las estaciones y permit\u00eda invertir con rapidez de informaci\u00f3n, a\u00fan desconocemos el alcance real que tendr\u00e1 la IA en nuestra vida cotidiana. Record\u00f3 tambi\u00e9n c\u00f3mo <strong>la IA generativa ha calado en una dimensi\u00f3n central de nuestra existencia: el lenguaje.<\/strong><\/p>\n<p>Garv\u00eda cerr\u00f3 su intervenci\u00f3n recomendando cultivar habilidades fundamentales para usar la IA con criterio, de modo que nos sirva como apoyo para recordar, estructurar y ampliar lo que ya sabemos.<\/p>\n<h3>Desmitificaci\u00f3n social<\/h3>\n<p><img loading=\"lazy\" decoding=\"async\" class=\"alignleft wp-image-9449\" src=\"http:\/\/blogs.comillas.edu\/FronterasCTR\/wp-content\/uploads\/sites\/24\/2025\/11\/Imagen-de-WhatsApp-2025-10-29-a-las-20.16.14_6331230b-e1761765716367-240x300.jpg\" alt=\"\" width=\"206\" height=\"258\" srcset=\"https:\/\/blogs.comillas.edu\/FronterasCTR\/wp-content\/uploads\/sites\/24\/2025\/11\/Imagen-de-WhatsApp-2025-10-29-a-las-20.16.14_6331230b-e1761765716367-240x300.jpg 240w, https:\/\/blogs.comillas.edu\/FronterasCTR\/wp-content\/uploads\/sites\/24\/2025\/11\/Imagen-de-WhatsApp-2025-10-29-a-las-20.16.14_6331230b-e1761765716367.jpg 360w\" sizes=\"auto, (max-width: 206px) 100vw, 206px\" \/>Por \u00faltimo, intervino el Dr. Asier Arias, especialista en filosof\u00eda de la ciencia cognitiva. Se\u00f1al\u00f3 que la IA ha pasado de ser una rama de las ciencias cognitivas a convertirse en un <strong>producto tecnol\u00f3gico de mercado,<\/strong> alej\u00e1ndose de su car\u00e1cter cient\u00edfico: \u00abLa base de la ciencia es construir modelos idealizados para entender la realidad. (&#8230;) La aproximaci\u00f3n de la IA no es ciencia.\u00bb<\/p>\n<p>Critic\u00f3 el <strong>mito de Silicon Valley<\/strong> y record\u00f3 que muchos de los grandes avances tecnol\u00f3gicos recientes han sido posibles gracias a la inversi\u00f3n p\u00fablica. Advirti\u00f3, asimismo, de la <strong>burbuja en torno a la IAG<\/strong>: en su opini\u00f3n, no va m\u00e1s all\u00e1 del marketing y no existe, hoy por hoy, capacidad real para desarrollarla. <strong>Tampoco contamos con los recursos naturales necesarios<\/strong>: \u00abPor mucho que lo intenten las grandes tecnol\u00f3gicas, en este planeta se respetan las leyes de la termodin\u00e1mica (\u2026) Hemos sobrepasado con mucho los m\u00e1rgenes de recursos que podemos gastar y no parece que la situaci\u00f3n vaya a cambiar\u00bb.<\/p>\n<h3>Conclusi\u00f3n<\/h3>\n<p>Para cerrar, los tres ponentes condensaron sus ideas en una frase. El Dr. Jaime Pizarroso insisti\u00f3 en la<strong> imposibilidad<\/strong>, con el modelo actual, de alcanzar una IAG y llam\u00f3 a extremar el cuidado con lo que hacemos y los datos que proporcionamos a la IA. El Dr. Asier Arias nos anim\u00f3 a leer y estudiar por nuestra cuenta para formarnos un <strong>criterio propio<\/strong>. El Dr. Luis Garv\u00eda, con humor pero con raz\u00f3n, recomend\u00f3 hacer deporte y <strong>cuidarnos<\/strong>, leer y escribir mucho y, sobre todo, mantener el contacto humano. Tambi\u00e9n subray\u00f3 la importancia de los espacios de di\u00e1logo, tan necesarios en la actualidad.<\/p>\n","protected":false},"excerpt":{"rendered":"<p>[Guzm\u00e1n Gila] El pasado jueves 23 de octubre, en la Facultad de ICADE (Universidad Pontificia Comillas), tuvo lugar un encuentro organizado por la Sociedad de Filosof\u00eda e Historia y la Sociedad de Marketing de Comillas sobre la inteligencia artificial general (IAG) desde una perspectiva interdisciplinar. Participaron el Dr. Jaime Pizarroso, ingeniero y profesor de aprendizaje &#8230; <a title=\"Desmitificando la Inteligencia Artificial: fundamentos, aplicaciones y reflexiones\" class=\"read-more\" href=\"https:\/\/blogs.comillas.edu\/FronterasCTR\/?p=9434\" aria-label=\"Leer m\u00e1s sobre Desmitificando la Inteligencia Artificial: fundamentos, aplicaciones y reflexiones\">Leer m\u00e1s<\/a><\/p>\n","protected":false},"author":263,"featured_media":9461,"comment_status":"closed","ping_status":"closed","sticky":false,"template":"","format":"standard","meta":{"generate_page_header":"","footnotes":""},"categories":[1720,142,145,1560,118],"tags":[669,2015,454,170,361,1389,393,151,2012,322],"class_list":["post-9434","post","type-post","status-publish","format-standard","has-post-thumbnail","hentry","category-ciencia","category-ciencia-tecnologia-y-sociedad","category-cultura-tecnologica-etica-y-teologia","category-filosofia","category-nuevos-lenguajes-de-la-tecnologia","tag-ciencia","tag-cronica","tag-dialogo","tag-etica","tag-filosofia","tag-ia","tag-inteligencia-artificial","tag-interdisciplinariedad","tag-ponencias","tag-tecnologia"],"_links":{"self":[{"href":"https:\/\/blogs.comillas.edu\/FronterasCTR\/index.php?rest_route=\/wp\/v2\/posts\/9434","targetHints":{"allow":["GET"]}}],"collection":[{"href":"https:\/\/blogs.comillas.edu\/FronterasCTR\/index.php?rest_route=\/wp\/v2\/posts"}],"about":[{"href":"https:\/\/blogs.comillas.edu\/FronterasCTR\/index.php?rest_route=\/wp\/v2\/types\/post"}],"author":[{"embeddable":true,"href":"https:\/\/blogs.comillas.edu\/FronterasCTR\/index.php?rest_route=\/wp\/v2\/users\/263"}],"replies":[{"embeddable":true,"href":"https:\/\/blogs.comillas.edu\/FronterasCTR\/index.php?rest_route=%2Fwp%2Fv2%2Fcomments&post=9434"}],"version-history":[{"count":4,"href":"https:\/\/blogs.comillas.edu\/FronterasCTR\/index.php?rest_route=\/wp\/v2\/posts\/9434\/revisions"}],"predecessor-version":[{"id":9464,"href":"https:\/\/blogs.comillas.edu\/FronterasCTR\/index.php?rest_route=\/wp\/v2\/posts\/9434\/revisions\/9464"}],"wp:featuredmedia":[{"embeddable":true,"href":"https:\/\/blogs.comillas.edu\/FronterasCTR\/index.php?rest_route=\/wp\/v2\/media\/9461"}],"wp:attachment":[{"href":"https:\/\/blogs.comillas.edu\/FronterasCTR\/index.php?rest_route=%2Fwp%2Fv2%2Fmedia&parent=9434"}],"wp:term":[{"taxonomy":"category","embeddable":true,"href":"https:\/\/blogs.comillas.edu\/FronterasCTR\/index.php?rest_route=%2Fwp%2Fv2%2Fcategories&post=9434"},{"taxonomy":"post_tag","embeddable":true,"href":"https:\/\/blogs.comillas.edu\/FronterasCTR\/index.php?rest_route=%2Fwp%2Fv2%2Ftags&post=9434"}],"curies":[{"name":"wp","href":"https:\/\/api.w.org\/{rel}","templated":true}]}}