{"id":9362,"date":"2025-10-07T20:49:36","date_gmt":"2025-10-07T18:49:36","guid":{"rendered":"https:\/\/blogs.comillas.edu\/FronterasCTR\/?p=9362"},"modified":"2025-10-07T20:50:58","modified_gmt":"2025-10-07T18:50:58","slug":"cronica-de-los-premios-ayala-2025","status":"publish","type":"post","link":"https:\/\/blogs.comillas.edu\/FronterasCTR\/?p=9362","title":{"rendered":"Cr\u00f3nica de los Premios Ayala 2025"},"content":{"rendered":"<p><strong>[Guzman Pascual Gila Herranz y Marta Medina Balguer\u00edas] El 2 de octubre, a las 18:00, la Casa de Am\u00e9rica acogi\u00f3 el acto inaugural del Premio Ayala 2025, otorgado a la secretaria de Ciencia, Humanidades, Tecnolog\u00eda e Innovaci\u00f3n del Gobierno de M\u00e9xico, la Dra. Rosaura Ruiz Guti\u00e9rrez. Dio la bienvenida el director de la instituci\u00f3n, Le\u00f3n de la Torre, quien subray\u00f3 la estrecha relaci\u00f3n entre Espa\u00f1a y M\u00e9xico en el \u00e1mbito de la investigaci\u00f3n. Despu\u00e9s, tom\u00f3 la palabra el rector de la Universidad Pontificia Comillas, Antonio Allende, SJ, que record\u00f3 la larga vinculaci\u00f3n de Comillas y de la Compa\u00f1\u00eda de Jes\u00fas con Iberoam\u00e9rica.<br \/>\n<\/strong><\/p>\n<p>La Dra. Hana Ayala enfatiz\u00f3 la relevancia iberoamericana del premio y defendi\u00f3 la investigaci\u00f3n cient\u00edfica como ant\u00eddoto frente a las rivalidades geopol\u00edticas y v\u00eda para una cooperaci\u00f3n global. Se\u00f1al\u00f3, adem\u00e1s, el papel de Espa\u00f1a e Iberoam\u00e9rica en la ampliaci\u00f3n de los horizontes transnacionales.<\/p>\n<p>A continuaci\u00f3n, la Dra. Rosa<strong><img loading=\"lazy\" decoding=\"async\" class=\"wp-image-9371 alignleft\" src=\"http:\/\/blogs.comillas.edu\/FronterasCTR\/wp-content\/uploads\/sites\/24\/2025\/10\/54829438739_7440eb5e52_w-1-300x200.jpg\" alt=\"\" width=\"326\" height=\"217\" srcset=\"https:\/\/blogs.comillas.edu\/FronterasCTR\/wp-content\/uploads\/sites\/24\/2025\/10\/54829438739_7440eb5e52_w-1-300x200.jpg 300w, https:\/\/blogs.comillas.edu\/FronterasCTR\/wp-content\/uploads\/sites\/24\/2025\/10\/54829438739_7440eb5e52_w-1.jpg 400w\" sizes=\"auto, (max-width: 326px) 100vw, 326px\" \/><\/strong>ura Ruiz Guti\u00e9rrez imparti\u00f3 la conferencia<em> <strong>La ciencia como motor del desarrollo en Iberoam\u00e9rica<\/strong><\/em>. Sostuvo que la investigaci\u00f3n es una herramienta de emancipaci\u00f3n y de soberan\u00eda nacional, capaz de tender puentes entre pa\u00edses en lugar de levantar muros y de alinear agendas para una apertura global.<\/p>\n<p>Durante su intervenci\u00f3n, la Dra. Ruiz Guti\u00e9rrez repas\u00f3 diversos <strong>proyectos de investigaci\u00f3n<\/strong> en Iberoam\u00e9rica, Espa\u00f1a y Portugal, e insisti\u00f3 en la importancia de <strong>promover el espa\u00f1ol y el portugu\u00e9s como lenguas de publicaci\u00f3n cient\u00edfica <\/strong>y de trabajo acad\u00e9mico. Entre los grandes proyectos mencion\u00f3 el fortalecimiento de la formaci\u00f3n doctoral mediante un itinerario que permitir\u00eda cursar licenciatura, maestr\u00eda y doctorado en ocho a\u00f1os, de modo que quienes deseen acelerar su formaci\u00f3n puedan hacerlo.<\/p>\n<p>Tambi\u00e9n subray\u00f3 la digitalizaci\u00f3n como motor principal de la <strong>innovaci\u00f3n<\/strong>, sin perder de vista la relevancia, y los riesgos, de la <strong>inteligencia artificial:<\/strong> su desarrollo y, a la vez, su adecuada regulaci\u00f3n constituyen bases imprescindibles para una innovaci\u00f3n sostenible y socialmente beneficiosa. Siguiendo este tema, la Dra. Rosaura mencion\u00f3 los esfuerzos de M\u00e9xico en el \u00e1mbito de los <strong>semiconductores<\/strong> y la <strong>supercomputaci\u00f3n<\/strong>, con el objetivo de crear una industria nacional y un proyecto de un superordenador en M\u00e9xico para uso de investigaci\u00f3n. Para este \u00faltimo contaba con la ayuda del Centro Nacional de Supercomputaci\u00f3n de Barcelona.<\/p>\n<p>Se destacaron, asimismo, los <strong>beneficios sociales y el desarrollo humano<\/strong> alcanzados en M\u00e9xico este a\u00f1o; entre los logros citados, que 13,5 millones de personas han salido de la pobreza, como muestra del impacto social de invertir en ciencia y desarrollo.<\/p>\n<p>Aun con todo, <strong>persisten retos<\/strong>: baja inversi\u00f3n privada, fragmentaci\u00f3n institucional, desigualdades sociales y de g\u00e9nero, dependencia tecnol\u00f3gica y problemas de gobernanza. De ah\u00ed la necesidad de una agenda com\u00fan, centrada en la cooperaci\u00f3n y el di\u00e1logo. En suma, el desarrollo de las naciones debe tener como base la ciencia y la investigaci\u00f3n si se aspira a una mayor soberan\u00eda.<\/p>\n<p>La entrega del premio tuvo lugar el viernes 3 de octubre en la Universidad Pontificia Comillas. El acto comenz\u00f3 con los discursos de bienvenida del rector, Antonio Allende, SJ, y de los codirectores de la C\u00e1tedra Hana y Francisco J. Ayala de Ciencia, Tecnolog\u00eda y Religi\u00f3n, Sara Lumbreras y Jaime Tatay, SJ. A continuaci\u00f3n, Hana Ayala hizo un elogio de Rosaura Ruiz, poniendo de relieve su trayectoria acad\u00e9mica, su colaboraci\u00f3n con Francisco Jos\u00e9 Ayala y su <strong>compromiso no solo a nivel intelectual, sino tambi\u00e9n humano y social<\/strong>.<img loading=\"lazy\" decoding=\"async\" class=\"alignleft size-medium wp-image-9374\" src=\"http:\/\/blogs.comillas.edu\/FronterasCTR\/wp-content\/uploads\/sites\/24\/2025\/10\/54828343647_5ab1cd5279_c-300x200.jpg\" alt=\"\" width=\"300\" height=\"200\" srcset=\"https:\/\/blogs.comillas.edu\/FronterasCTR\/wp-content\/uploads\/sites\/24\/2025\/10\/54828343647_5ab1cd5279_c-300x200.jpg 300w, https:\/\/blogs.comillas.edu\/FronterasCTR\/wp-content\/uploads\/sites\/24\/2025\/10\/54828343647_5ab1cd5279_c-768x512.jpg 768w, https:\/\/blogs.comillas.edu\/FronterasCTR\/wp-content\/uploads\/sites\/24\/2025\/10\/54828343647_5ab1cd5279_c.jpg 799w\" sizes=\"auto, (max-width: 300px) 100vw, 300px\" \/><\/p>\n<p>La doctora Ayala comenz\u00f3 citando las propias palabras de la Dra. Ruiz cuando se\u00f1al\u00f3 que sus prioridades como ministra inclu\u00edan \u201cpromover que haya m\u00e1s investigadores, investigadoras, que haya mayor producci\u00f3n en la ciencia, [con] mucha atenci\u00f3n a las humanidades \u2026[y que] el conocimiento se aplique en beneficio de la humanidad\u201d (entrevistada por Daniela Zambrano para <em>El Heraldo de M\u00e9xico<\/em>, 30 de junio de 2025) y plante\u00f3 su discurso como una <strong>retrospectiva<\/strong> a la trayectoria de la premiada <strong>que explicaba el fundamento de esta perspectiva<\/strong> actual.<\/p>\n<p>Tras un descanso en el que tuvo lugar la visita al museo de la U.P. Comillas, la Dra. Rosaura Ruiz habl\u00f3 sobre su relaci\u00f3n acad\u00e9mica con Francisco J. Ayala. Para ello comenz\u00f3 aludiendo al maestro de Ayala, Theodosius Dobzhansky, quien integr\u00f3 el darwinismo y la gen\u00e9tica. Despu\u00e9s explic\u00f3 <strong>las grandes aportaciones de Ayala a los estudios evolutivos<\/strong>, como la convicci\u00f3n de que sin variaci\u00f3n gen\u00e9tica no hay evoluci\u00f3n y el estudio de c\u00f3mo ten\u00eda lugar la especiaci\u00f3n, entre otras. Ruiz se\u00f1al\u00f3 tambi\u00e9n los proyectos en los que ambos hab\u00edan colaborado y explic\u00f3 que ella sol\u00eda encarnar la <strong>perspectiva hist\u00f3rica y filos\u00f3fica de la ciencia<\/strong> en ellos, una perspectiva especialmente importante para Francisco Ayala. Trabajaron, entre otros aspectos, sobre la cuesti\u00f3n epistemol\u00f3gica del m\u00e9todo en las ciencias, las controversias actuales en torno al evolucionismo o la recepci\u00f3n del darwinismo en el mundo hispanohablante.<\/p>\n<p><img loading=\"lazy\" decoding=\"async\" class=\"size-medium wp-image-9377 alignright\" src=\"http:\/\/blogs.comillas.edu\/FronterasCTR\/wp-content\/uploads\/sites\/24\/2025\/10\/54829436549_38bf89c5be_c-300x200.jpg\" alt=\"\" width=\"300\" height=\"200\" srcset=\"https:\/\/blogs.comillas.edu\/FronterasCTR\/wp-content\/uploads\/sites\/24\/2025\/10\/54829436549_38bf89c5be_c-300x200.jpg 300w, https:\/\/blogs.comillas.edu\/FronterasCTR\/wp-content\/uploads\/sites\/24\/2025\/10\/54829436549_38bf89c5be_c-768x512.jpg 768w, https:\/\/blogs.comillas.edu\/FronterasCTR\/wp-content\/uploads\/sites\/24\/2025\/10\/54829436549_38bf89c5be_c.jpg 799w\" sizes=\"auto, (max-width: 300px) 100vw, 300px\" \/><\/p>\n<p>La Dra. Ruiz tambi\u00e9n aludi\u00f3 al respeto que se profesaban, pese a sus diversas creencias en el plano religioso: para Ayala, la religi\u00f3n tiene una respuesta que aportar en el conocimiento del mundo, aunque sea una ventana distinta a la de la ciencia; para Ruiz, las preguntas por el sentido corresponden m\u00e1s bien a la filosof\u00eda. El rector de Comillas concluy\u00f3 diciendo que <strong>la cuesti\u00f3n no es estar siempre de acuerdo, sino siempre en di\u00e1logo<\/strong>, tras lo cual le fue entregada la Medalla a la premiada.<\/p>\n<p>El acto termin\u00f3 con un concierto de piano en la iglesia de la Universidad.<\/p>\n<p>&nbsp;<\/p>\n","protected":false},"excerpt":{"rendered":"<p>[Guzman Pascual Gila Herranz y Marta Medina Balguer\u00edas] El 2 de octubre, a las 18:00, la Casa de Am\u00e9rica acogi\u00f3 el acto inaugural del Premio Ayala 2025, otorgado a la secretaria de Ciencia, Humanidades, Tecnolog\u00eda e Innovaci\u00f3n del Gobierno de M\u00e9xico, la Dra. Rosaura Ruiz Guti\u00e9rrez. Dio la bienvenida el director de la instituci\u00f3n, Le\u00f3n &#8230; <a title=\"Cr\u00f3nica de los Premios Ayala 2025\" class=\"read-more\" href=\"https:\/\/blogs.comillas.edu\/FronterasCTR\/?p=9362\" aria-label=\"Leer m\u00e1s sobre Cr\u00f3nica de los Premios Ayala 2025\">Leer m\u00e1s<\/a><\/p>\n","protected":false},"author":263,"featured_media":9365,"comment_status":"closed","ping_status":"closed","sticky":false,"template":"","format":"standard","meta":{"generate_page_header":"","footnotes":""},"categories":[1720,142,145,1560],"tags":[669,244],"class_list":["post-9362","post","type-post","status-publish","format-standard","has-post-thumbnail","hentry","category-ciencia","category-ciencia-tecnologia-y-sociedad","category-cultura-tecnologica-etica-y-teologia","category-filosofia","tag-ciencia","tag-humanismo"],"_links":{"self":[{"href":"https:\/\/blogs.comillas.edu\/FronterasCTR\/index.php?rest_route=\/wp\/v2\/posts\/9362","targetHints":{"allow":["GET"]}}],"collection":[{"href":"https:\/\/blogs.comillas.edu\/FronterasCTR\/index.php?rest_route=\/wp\/v2\/posts"}],"about":[{"href":"https:\/\/blogs.comillas.edu\/FronterasCTR\/index.php?rest_route=\/wp\/v2\/types\/post"}],"author":[{"embeddable":true,"href":"https:\/\/blogs.comillas.edu\/FronterasCTR\/index.php?rest_route=\/wp\/v2\/users\/263"}],"replies":[{"embeddable":true,"href":"https:\/\/blogs.comillas.edu\/FronterasCTR\/index.php?rest_route=%2Fwp%2Fv2%2Fcomments&post=9362"}],"version-history":[{"count":3,"href":"https:\/\/blogs.comillas.edu\/FronterasCTR\/index.php?rest_route=\/wp\/v2\/posts\/9362\/revisions"}],"predecessor-version":[{"id":9386,"href":"https:\/\/blogs.comillas.edu\/FronterasCTR\/index.php?rest_route=\/wp\/v2\/posts\/9362\/revisions\/9386"}],"wp:featuredmedia":[{"embeddable":true,"href":"https:\/\/blogs.comillas.edu\/FronterasCTR\/index.php?rest_route=\/wp\/v2\/media\/9365"}],"wp:attachment":[{"href":"https:\/\/blogs.comillas.edu\/FronterasCTR\/index.php?rest_route=%2Fwp%2Fv2%2Fmedia&parent=9362"}],"wp:term":[{"taxonomy":"category","embeddable":true,"href":"https:\/\/blogs.comillas.edu\/FronterasCTR\/index.php?rest_route=%2Fwp%2Fv2%2Fcategories&post=9362"},{"taxonomy":"post_tag","embeddable":true,"href":"https:\/\/blogs.comillas.edu\/FronterasCTR\/index.php?rest_route=%2Fwp%2Fv2%2Ftags&post=9362"}],"curies":[{"name":"wp","href":"https:\/\/api.w.org\/{rel}","templated":true}]}}