{"id":9248,"date":"2025-07-14T08:00:39","date_gmt":"2025-07-14T06:00:39","guid":{"rendered":"https:\/\/blogs.comillas.edu\/FronterasCTR\/?p=9248"},"modified":"2025-07-07T18:58:38","modified_gmt":"2025-07-07T16:58:38","slug":"la-violencia-contra-la-infancia-un-desafio-complejo-para-la-prevencion","status":"publish","type":"post","link":"https:\/\/blogs.comillas.edu\/FronterasCTR\/?p=9248","title":{"rendered":"La violencia contra la infancia: un desaf\u00edo complejo para la prevenci\u00f3n"},"content":{"rendered":"<p><strong>La Convenci\u00f3n de los Derechos del Ni\u00f1o proclama que todos los menores tienen derecho a crecer libres de cualquier forma de violencia. Sin embargo, la realidad es mucho m\u00e1s dura: cada a\u00f1o, millones de ni\u00f1os son v\u00edctimas de malos tratos f\u00edsicos, psicol\u00f3gicos, abusos sexuales, negligencia o acoso. Pedro Frontera Izquierdo, pediatra con d\u00e9cadas de experiencia en el Hospital Universitario La Fe de Valencia, ofrece un an\u00e1lisis riguroso y muy documentado sobre las dificultades que persisten a la hora de prevenir esta lacra, apoy\u00e1ndose tanto en la evidencia cient\u00edfica como en su experiencia profesional, en su <a href=\"https:\/\/revistas.comillas.edu\/index.php\/razonyfe\/article\/view\/21998\">art\u00edculo publicado en el \u00faltimo n\u00famero de <em>Raz\u00f3n y Fe<\/em><\/a>.<\/strong><\/p>\n<p>&nbsp;<\/p>\n<h3><strong>Una violencia con m\u00faltiples rostros y consecuencias profundas<\/strong><\/h3>\n<p>Desde hace m\u00e1s de medio siglo, la investigaci\u00f3n ha permitido categorizar las principales formas de violencia infantil: f\u00edsica, sexual, emocional, negligencia en los cuidados, bullying y cyberbullying. Todas tienen efectos devastadores en el desarrollo del ni\u00f1o. La agresi\u00f3n no solo produce un da\u00f1o inmediato \u2014lesiones, traumatismos, enfermedades de transmisi\u00f3n sexual o embarazos precoces\u2014 sino que origina secuelas a largo plazo, como trastornos de ansiedad, depresi\u00f3n, adicciones y un riesgo elevado de suicidio.<\/p>\n<p>Frontera subraya un aspecto especialmente dram\u00e1tico: los ni\u00f1os maltratados suelen perder la confianza en todos los adultos, porque quienes les agreden suelen ocupar posiciones de autoridad y protecci\u00f3n. Esta traici\u00f3n de la confianza convierte la violencia en un estr\u00e9s m\u00e1s intenso que el generado por una cat\u00e1strofe natural o un accidente.<\/p>\n<p>Las estad\u00edsticas son fragmentarias y, en muchos casos, solo revelan la \u201cpunta del iceberg\u201d: los casos m\u00e1s graves que llegan a los servicios de salud, a los trabajadores sociales o a los juzgados. En Espa\u00f1a, por ejemplo, en 2021 se registraron m\u00e1s de 21.000 casos de maltrato infantil, mientras que en Estados Unidos uno de cada ocho menores investigados por sospecha de malos tratos vio confirmada la agresi\u00f3n. La Organizaci\u00f3n Mundial de la Salud estima que m\u00e1s de mil millones de ni\u00f1os sufren cada a\u00f1o alg\u00fan tipo de violencia.<\/p>\n<h3><strong>Factores de riesgo y el dif\u00edcil equilibrio entre cultura y derechos<\/strong><\/h3>\n<p>La violencia contra la infancia no responde a una causa \u00fanica. Con frecuencia se asocia a la pobreza, el desempleo, los problemas de salud mental en los progenitores, la violencia intrafamiliar, el abuso de alcohol o drogas y los entornos sociales hostiles. Pero estos factores interact\u00faan con un componente cultural que no siempre resulta sencillo de desmontar.<\/p>\n<p>En algunas sociedades, por ejemplo, el castigo f\u00edsico se considera un m\u00e9todo leg\u00edtimo de disciplina. Este aspecto cultural complica las campa\u00f1as de prevenci\u00f3n y genera resistencias en familias y comunidades que no identifican ciertas pr\u00e1cticas como abuso. Adem\u00e1s, la violencia tiende a reproducirse de generaci\u00f3n en generaci\u00f3n: muchos adultos maltratadores fueron ni\u00f1os maltratados.<\/p>\n<p>Frontera aborda tambi\u00e9n un tema particularmente doloroso: los abusos sexuales cometidos en contextos religiosos. Aproximadamente un 4% de los sacerdotes cat\u00f3licos en activo en Estados Unidos, seg\u00fan una amplia investigaci\u00f3n, cometieron abusos a menores, unas cifras similares a las encontradas en Alemania y otros pa\u00edses. Este fen\u00f3meno supone no solo un crimen contra la v\u00edctima, sino una traici\u00f3n radical a los valores que la Iglesia dice encarnar. La reacci\u00f3n inicial de las autoridades eclesi\u00e1sticas fue lenta y defensiva, aunque posteriormente se avanz\u00f3 en el reconocimiento del problema y en propuestas de justicia restaurativa y prevenci\u00f3n.<\/p>\n<h3><strong><em>Bullying<\/em> y <em>cyberbullying<\/em>: nuevas formas de victimizaci\u00f3n<\/strong><\/h3>\n<p>El acoso escolar y su versi\u00f3n digital, el <em>cyberbullying<\/em>, merecen un an\u00e1lisis aparte. Ambos tienen en com\u00fan que la agresi\u00f3n es repetida y deliberada. Mientras que el <em>bullying<\/em> tradicional se basa en la superioridad f\u00edsica o psicol\u00f3gica del agresor, el <em>cyberbullying<\/em> amplifica el da\u00f1o gracias al anonimato y la disponibilidad constante de la tecnolog\u00eda.<\/p>\n<p>En el <em>bullying<\/em>, el agresor obtiene poder al contar con testigos o c\u00f3mplices que refuerzan la agresi\u00f3n. En el mundo digital, ese p\u00fablico puede multiplicarse sin l\u00edmite, y el ni\u00f1o no siempre es consciente de la magnitud del ataque hasta que ya es muy tarde. Las consecuencias psicol\u00f3gicas son similares: ansiedad, depresi\u00f3n, sensaci\u00f3n de humillaci\u00f3n y aislamiento.<\/p>\n<p>Para Frontera, los programas educativos pueden ayudar a las v\u00edctimas potenciales a identificar riesgos, pero no todos los menores tienen la madurez suficiente para asimilar estos aprendizajes sin desarrollar miedo y desconfianza hacia los adultos protectores.<\/p>\n<h3><strong>Estrategias de prevenci\u00f3n: niveles y l\u00edmites<\/strong><\/h3>\n<p>En su propuesta, distingue con claridad entre prevenci\u00f3n primaria, secundaria y terciaria:<\/p>\n<ul>\n<li><strong>Prevenci\u00f3n primaria<\/strong>: act\u00faa sobre toda la sociedad, buscando transformar estructuras que generan violencia (pobreza, desigualdad, marginaci\u00f3n) y promover valores que condenen el maltrato. Son cambios lentos, que requieren compromiso pol\u00edtico y social.<\/li>\n<li><strong>Prevenci\u00f3n secundaria<\/strong>: consiste en identificar familias o ni\u00f1os con factores de riesgo mediante la formaci\u00f3n de profesionales de la educaci\u00f3n, la sanidad y los servicios sociales. Aunque necesaria, su eficacia es limitada: no hay m\u00e9todos totalmente fiables para predecir el maltrato.<\/li>\n<li><strong>Prevenci\u00f3n terciaria<\/strong>: se centra en intervenir cuando la violencia ya se ha producido, garantizando la seguridad del ni\u00f1o y ofreciendo recursos de atenci\u00f3n m\u00e9dica, psicol\u00f3gica y social.<\/li>\n<\/ul>\n<p>Frontera insiste en que la respuesta debe ser tanto preventiva como curativa: impedir la agresi\u00f3n y proteger y reparar a la v\u00edctima.<\/p>\n<h3><strong>Propuestas para un enfoque integral<\/strong><\/h3>\n<p>Prevenir la violencia infantil requiere actuaciones sostenidas y coordinadas. El autor enumera medidas clave:<\/p>\n<ol>\n<li><strong>Aplicar de manera efectiva las leyes antiviolencia<\/strong>, con recursos suficientes y una coordinaci\u00f3n real entre administraciones. La Ley Org\u00e1nica 8\/2021 en Espa\u00f1a fue un gran avance, pero necesita dotaci\u00f3n presupuestaria y desarrollo normativo.<\/li>\n<li><strong>Promover normas y valores protectores<\/strong> en la familia, la escuela y los medios de comunicaci\u00f3n.<\/li>\n<li><strong>Apoyar econ\u00f3micamente y socialmente a las familias en riesgo<\/strong>, para reducir tensiones que a menudo derivan en violencia.<\/li>\n<li><strong>Generalizar la educaci\u00f3n antiviolencia<\/strong>, que ayude a los ni\u00f1os a reconocer conductas abusivas, siempre adaptada a su edad y capacidad de comprensi\u00f3n.<\/li>\n<li><strong>Fortalecer las relaciones afectivas seguras con adultos protectores<\/strong>, un factor decisivo para que los menores crezcan con confianza y resiliencia.<\/li>\n<\/ol>\n<p>El autor se\u00f1ala que una buena comunicaci\u00f3n entre padres e hijos \u2014\u201cque puedan contarlo todo\u201d\u2014 y una supervisi\u00f3n atenta son la mejor barrera frente al abuso sexual y otras formas de violencia.<\/p>\n<h3><strong>Una cuesti\u00f3n moral y espiritual<\/strong><\/h3>\n<p>Aunque su enfoque es principalmente cient\u00edfico, las reflexiones de Frontera interpelan la conciencia \u00e9tica y recuerdan un compromiso ineludible: la defensa de la dignidad sagrada de cada ni\u00f1o. La fe, vivida con autenticidad, no puede cerrar los ojos ante el sufrimiento ni tolerar estructuras de poder que perpet\u00faan el abuso. La ciencia aporta datos y estrategias; la espiritualidad, una motivaci\u00f3n \u00faltima que no se resigna a la indiferencia.<\/p>\n<p>En definitiva, prevenir la violencia contra la infancia es una tarea colectiva que exige transformar culturas, proteger a los m\u00e1s vulnerables y reafirmar que toda acci\u00f3n a favor de los ni\u00f1os es, en el fondo, una afirmaci\u00f3n de la humanidad que compartimos.<\/p>\n<p>&nbsp;<\/p>\n<p>*Resumen a partir del art\u00edculo: <strong>Frontera Izquierdo, P.<\/strong> (2025). Dificultades en la prevenci\u00f3n de la violencia contra los ni\u00f1os. <em>Raz\u00f3n y Fe<\/em>, 289(1.466), 51\u201373. <a href=\"https:\/\/doi.org\/10.14422\/ryf.vol289.i1466.y2025.002\">https:\/\/doi.org\/10.14422\/ryf.vol289.i1466.y2025.002<\/a><\/p>\n","protected":false},"excerpt":{"rendered":"<p>La Convenci\u00f3n de los Derechos del Ni\u00f1o proclama que todos los menores tienen derecho a crecer libres de cualquier forma de violencia. Sin embargo, la realidad es mucho m\u00e1s dura: cada a\u00f1o, millones de ni\u00f1os son v\u00edctimas de malos tratos f\u00edsicos, psicol\u00f3gicos, abusos sexuales, negligencia o acoso. Pedro Frontera Izquierdo, pediatra con d\u00e9cadas de experiencia &#8230; <a title=\"La violencia contra la infancia: un desaf\u00edo complejo para la prevenci\u00f3n\" class=\"read-more\" href=\"https:\/\/blogs.comillas.edu\/FronterasCTR\/?p=9248\" aria-label=\"Leer m\u00e1s sobre La violencia contra la infancia: un desaf\u00edo complejo para la prevenci\u00f3n\">Leer m\u00e1s<\/a><\/p>\n","protected":false},"author":263,"featured_media":9251,"comment_status":"closed","ping_status":"closed","sticky":false,"template":"","format":"standard","meta":{"generate_page_header":"","footnotes":""},"categories":[142],"tags":[1940,1943,1949,1934,1946,1937],"class_list":["post-9248","post","type-post","status-publish","format-standard","has-post-thumbnail","hentry","category-ciencia-tecnologia-y-sociedad","tag-abuso-sexual","tag-bullying","tag-intervencion-precoz","tag-maltrato-infantil","tag-prevencion","tag-violencia-fisica"],"_links":{"self":[{"href":"https:\/\/blogs.comillas.edu\/FronterasCTR\/index.php?rest_route=\/wp\/v2\/posts\/9248","targetHints":{"allow":["GET"]}}],"collection":[{"href":"https:\/\/blogs.comillas.edu\/FronterasCTR\/index.php?rest_route=\/wp\/v2\/posts"}],"about":[{"href":"https:\/\/blogs.comillas.edu\/FronterasCTR\/index.php?rest_route=\/wp\/v2\/types\/post"}],"author":[{"embeddable":true,"href":"https:\/\/blogs.comillas.edu\/FronterasCTR\/index.php?rest_route=\/wp\/v2\/users\/263"}],"replies":[{"embeddable":true,"href":"https:\/\/blogs.comillas.edu\/FronterasCTR\/index.php?rest_route=%2Fwp%2Fv2%2Fcomments&post=9248"}],"version-history":[{"count":2,"href":"https:\/\/blogs.comillas.edu\/FronterasCTR\/index.php?rest_route=\/wp\/v2\/posts\/9248\/revisions"}],"predecessor-version":[{"id":9257,"href":"https:\/\/blogs.comillas.edu\/FronterasCTR\/index.php?rest_route=\/wp\/v2\/posts\/9248\/revisions\/9257"}],"wp:featuredmedia":[{"embeddable":true,"href":"https:\/\/blogs.comillas.edu\/FronterasCTR\/index.php?rest_route=\/wp\/v2\/media\/9251"}],"wp:attachment":[{"href":"https:\/\/blogs.comillas.edu\/FronterasCTR\/index.php?rest_route=%2Fwp%2Fv2%2Fmedia&parent=9248"}],"wp:term":[{"taxonomy":"category","embeddable":true,"href":"https:\/\/blogs.comillas.edu\/FronterasCTR\/index.php?rest_route=%2Fwp%2Fv2%2Fcategories&post=9248"},{"taxonomy":"post_tag","embeddable":true,"href":"https:\/\/blogs.comillas.edu\/FronterasCTR\/index.php?rest_route=%2Fwp%2Fv2%2Ftags&post=9248"}],"curies":[{"name":"wp","href":"https:\/\/api.w.org\/{rel}","templated":true}]}}