{"id":8509,"date":"2024-06-17T08:00:39","date_gmt":"2024-06-17T06:00:39","guid":{"rendered":"https:\/\/blogs.comillas.edu\/FronterasCTR\/?p=8509"},"modified":"2024-06-10T13:24:48","modified_gmt":"2024-06-10T11:24:48","slug":"el-abuso-de-poder-en-la-iglesia","status":"publish","type":"post","link":"https:\/\/blogs.comillas.edu\/FronterasCTR\/?p=8509","title":{"rendered":"El abuso de poder en la Iglesia"},"content":{"rendered":"<p><strong>[Marta Medina Balguer\u00edas] Del 5 al 7 de este mes tuvo lugar el primer Congreso Internacional Jord\u00e1n 2024 sobre el abuso de poder en la Iglesia. Nos reunimos m\u00e1s de 300 personas (entre los asistentes presenciales y los de la modalidad online) para reflexionar juntos sobre las situaciones abusivas de autoridad, conciencia, espiritual y sexual que tienen lugar en el entorno eclesial y cuya ra\u00edz com\u00fan es el abuso de poder. Este Congreso ha sido organizado por el Proyecto Jord\u00e1n, una iniciativa de la Compa\u00f1\u00eda de Jes\u00fas en Espa\u00f1a que cuenta con investigadores de diversas disciplinas y que busca \u201celaborar propuestas de prevenci\u00f3n y sanaci\u00f3n, buscando contribuir en la generaci\u00f3n de una cultura del buen trato y una \u00e9tica de la conducta pastoral en la Iglesia\u201d, como se\u00f1alan en su <a href=\"https:\/\/www.proyectojordan.com\/\">web<\/a>.<\/strong><\/p>\n<p>Como miembro de la C\u00e1tedra Hana y Francisco J. Ayala de Ciencia, Tecnolog\u00eda y Religi\u00f3n, en la que estamos acostumbrados a fomentar la interdisciplinariedad, me pareci\u00f3 un acierto que el Congreso abrazara este marco cient\u00edfico interdisciplinar para abordar la cuesti\u00f3n de los abusos. El t\u00edtulo elegido para el evento as\u00ed lo indica: \u201cEl abuso en la Iglesia: causas estructurales y posibles v\u00edas de soluci\u00f3n desde el di\u00e1logo de la teolog\u00eda con otras disciplinas\u201d. As\u00ed, aunque la teolog\u00eda tiene un peso preponderante, se ha atendido a otras ciencias que iluminan la cuesti\u00f3n, como, por ejemplo, la sociolog\u00eda, la psicolog\u00eda, la \u00e9tica organizacional y el derecho can\u00f3nico.<\/p>\n<p>El objetivo era \u201ctratar de discernir acad\u00e9micamente tanto las causas estructurales de car\u00e1cter teol\u00f3gico del abuso como sus posibles v\u00edas de reducci\u00f3n desde este enfoque teol\u00f3gico en di\u00e1logo con otras disciplinas\u201d (<a href=\"https:\/\/www.proyectojordan.com\/\">ibid<\/a>.). Es decir, hab\u00eda un inter\u00e9s te\u00f3rico por dilucidar las causas teol\u00f3gicas, psicol\u00f3gicas, estructurales, etc., que llevaban a una cultura eclesial que pod\u00eda derivar m\u00e1s f\u00e1cilmente en el abuso (y en silenciarlo o no atajarlo), pero tambi\u00e9n \u2014y sobre todo\u2014 hab\u00eda un deseo de que los resultados cient\u00edficos iluminaran la realidad y pudieran extraerse de ellos propuestas pr\u00e1cticas esperanzadoras. En este sentido, se compartieron tambi\u00e9n experiencias que ya se est\u00e1n implementando y est\u00e1n teniendo un impacto social positivo.<\/p>\n<p>En l\u00ednea con lo que acabo de comentar, el congreso se organiz\u00f3 en torno a tres bloques tem\u00e1ticos:<\/p>\n<ol>\n<li>Abusos y poder: perspectiva teol\u00f3gica<\/li>\n<li>Relaciones eclesiales y dimensi\u00f3n estructural del abuso<\/li>\n<li>Propuestas para un futuro esperanzador<\/li>\n<\/ol>\n<p>Hubo varias conferencias seguidas de un di\u00e1logo prolongado con los asistentes, abordadas desde distintas perspectivas cient\u00edficas; dos mesas redondas en las que tres personas expertas en el tema establecieron un di\u00e1logo con la moderadora de la mesa, entre s\u00ed y con el p\u00fablico; un momento de di\u00e1logo con personas interesadas en la misma \u00e1rea del saber (a lo que se denomin\u00f3 \u201citinerarios\u201d: teol\u00f3gico-espiritual; jur\u00eddico-can\u00f3nico; \u00e9tica organizacional y psicolog\u00eda-sociolog\u00eda) y numerosas comunicaciones presentadas por algunos de los asistentes.<\/p>\n<p>Mi compa\u00f1ero Roberto P\u00e9rez Conejero (<a href=\"https:\/\/www.camilos.es\/15426\/\">Centro San Camilo<\/a>) y yo preparamos dos comunicaciones (sobre la humildad como ant\u00eddoto ante el mal uso del poder y sobre la expiaci\u00f3n) en las que establecimos un di\u00e1logo entre la teolog\u00eda y la psicolog\u00eda. Hubo varios ecos positivos hacia el hecho de que hubi\u00e9ramos preparado la comunicaci\u00f3n de manera interdisciplinar, una pr\u00e1ctica que, aunque todos vemos deseable, todav\u00eda sigue costando trabajo realizar, puesto que muchas veces exponemos los puntos de vista de las diversas ciencias, pero falta trabajar en el di\u00e1logo profundo entre ellas.<\/p>\n<p>Que la Iglesia tiene un reto hoy con la cuesti\u00f3n de los abusos y que tiene que trabajar en una cultura de la prevenci\u00f3n y del cuidado, adem\u00e1s de sanar, reparar y hacer camino con las v\u00edctimas y los victimarios, es una realidad. Iniciativas como este Congreso ayudan a hacerse cargo del tema desde la seriedad, la responsabilidad y el deseo de cambio y conversi\u00f3n, todo ello partiendo de un acercamiento sistem\u00e1tico a la realidad como el que nos proporcionan las ciencias, y en di\u00e1logo. A pesar de lo dolorosa que es la realidad de los abusos, las iniciativas que propician el cambio aportan esperanza. Como se mencion\u00f3 en el Congreso, citando al profeta Isa\u00edas: \u201cmirad que realizo algo nuevo; ya est\u00e1 brotando, \u00bfno lo not\u00e1is?\u201d (Is 43,18).<\/p>\n<p><em>*Foto: <a href=\"https:\/\/www.flickr.com\/photos\/jesuitasesp\/albums\/72177720317633273\/\">Prensa Jesuitas<\/a><\/em><\/p>\n","protected":false},"excerpt":{"rendered":"<p>[Marta Medina Balguer\u00edas] Del 5 al 7 de este mes tuvo lugar el primer Congreso Internacional Jord\u00e1n 2024 sobre el abuso de poder en la Iglesia. Nos reunimos m\u00e1s de 300 personas (entre los asistentes presenciales y los de la modalidad online) para reflexionar juntos sobre las situaciones abusivas de autoridad, conciencia, espiritual y sexual &#8230; <a title=\"El abuso de poder en la Iglesia\" class=\"read-more\" href=\"https:\/\/blogs.comillas.edu\/FronterasCTR\/?p=8509\" aria-label=\"Leer m\u00e1s sobre El abuso de poder en la Iglesia\">Leer m\u00e1s<\/a><\/p>\n","protected":false},"author":263,"featured_media":8515,"comment_status":"closed","ping_status":"closed","sticky":false,"template":"","format":"standard","meta":{"generate_page_header":"","footnotes":""},"categories":[142,139],"tags":[1672,1669,247,151],"class_list":["post-8509","post","type-post","status-publish","format-standard","has-post-thumbnail","hentry","category-ciencia-tecnologia-y-sociedad","category-relacion-entre-ciencia-y-religion","tag-abuso-de-poder","tag-congreso-jordan","tag-iglesia","tag-interdisciplinariedad"],"_links":{"self":[{"href":"https:\/\/blogs.comillas.edu\/FronterasCTR\/index.php?rest_route=\/wp\/v2\/posts\/8509","targetHints":{"allow":["GET"]}}],"collection":[{"href":"https:\/\/blogs.comillas.edu\/FronterasCTR\/index.php?rest_route=\/wp\/v2\/posts"}],"about":[{"href":"https:\/\/blogs.comillas.edu\/FronterasCTR\/index.php?rest_route=\/wp\/v2\/types\/post"}],"author":[{"embeddable":true,"href":"https:\/\/blogs.comillas.edu\/FronterasCTR\/index.php?rest_route=\/wp\/v2\/users\/263"}],"replies":[{"embeddable":true,"href":"https:\/\/blogs.comillas.edu\/FronterasCTR\/index.php?rest_route=%2Fwp%2Fv2%2Fcomments&post=8509"}],"version-history":[{"count":2,"href":"https:\/\/blogs.comillas.edu\/FronterasCTR\/index.php?rest_route=\/wp\/v2\/posts\/8509\/revisions"}],"predecessor-version":[{"id":8521,"href":"https:\/\/blogs.comillas.edu\/FronterasCTR\/index.php?rest_route=\/wp\/v2\/posts\/8509\/revisions\/8521"}],"wp:featuredmedia":[{"embeddable":true,"href":"https:\/\/blogs.comillas.edu\/FronterasCTR\/index.php?rest_route=\/wp\/v2\/media\/8515"}],"wp:attachment":[{"href":"https:\/\/blogs.comillas.edu\/FronterasCTR\/index.php?rest_route=%2Fwp%2Fv2%2Fmedia&parent=8509"}],"wp:term":[{"taxonomy":"category","embeddable":true,"href":"https:\/\/blogs.comillas.edu\/FronterasCTR\/index.php?rest_route=%2Fwp%2Fv2%2Fcategories&post=8509"},{"taxonomy":"post_tag","embeddable":true,"href":"https:\/\/blogs.comillas.edu\/FronterasCTR\/index.php?rest_route=%2Fwp%2Fv2%2Ftags&post=8509"}],"curies":[{"name":"wp","href":"https:\/\/api.w.org\/{rel}","templated":true}]}}