{"id":8177,"date":"2024-01-22T08:00:26","date_gmt":"2024-01-22T07:00:26","guid":{"rendered":"https:\/\/blogs.comillas.edu\/FronterasCTR\/?p=8177"},"modified":"2024-01-15T12:08:58","modified_gmt":"2024-01-15T11:08:58","slug":"mas-signos-del-retorno-de-dios","status":"publish","type":"post","link":"https:\/\/blogs.comillas.edu\/FronterasCTR\/?p=8177","title":{"rendered":"\u00bfM\u00e1s signos del retorno de Dios?"},"content":{"rendered":"<p><strong>[Llu\u00eds Oviedo Torr\u00f3 OFM] Nos pregunt\u00e1bamos en una entrada anterior en FronterasCTR en qu\u00e9 medida pueda hablarse de un retorno de Dios en un ambiente cultural muy secularizado. Se dan indicios, dec\u00edamos, algunos de ellos muy expl\u00edcitos. Otros no tanto. Completamos aqu\u00ed el mapa de esos indicios con algunos nuevos estudios que se han publicado recientemente.<\/strong><\/p>\n<p>Dios nunca se ha ido de nuestro mundo, pero ciertamente ha dejado de ser perceptible para muchos en ambientes muy secularizados, o que tratan de esconder o disimular su presencia, como si se tratara de una referencia molesta. Adem\u00e1s de los datos aportados en el estudio anterior, quiero referirme a otros que llaman la atenci\u00f3n en estos a\u00f1os recientes.<\/p>\n<p>El primero se refiere a <strong>ciertos signos de revival cristiano en sociedades avanzadas<\/strong>, como es el caso de Inglaterra y de Francia, donde muchas celebraciones en iglesias de ciudades se ven m\u00e1s atendidas, sobre todo por familias j\u00f3venes y personas de formaci\u00f3n superior. <strong>El \u00e9xito y expansi\u00f3n que conocen en Espala los movimientos de Hakuna, Emaus, Effetta<\/strong>, entre otros, tambi\u00e9n apuntan a una vitalidad inesperada, pues muchos cre\u00edan que ya no estaba de moda ser cristiano, o que era algo s\u00f3lo para fracasados y gente sin demasiados recursos. Lo m\u00e1s fuerte en ese sentido es un <a href=\"https:\/\/www.nytimes.com\/2022\/08\/09\/opinion\/nyc-catholicism-dimes-square-religion.html\">art\u00edculo<\/a> en el New York Times, publicado en el verano de 2022, que nos dice que el club que m\u00e1s mola en New York es la Iglesia cat\u00f3lica.<\/p>\n<p>Otro s\u00edntoma que hace pensar es <strong>la profusi\u00f3n de noticias sobre personas que han descubierto la fe cristiana tras un cierto alejamiento<\/strong>, y en algunos casos como reacci\u00f3n al ate\u00edsmo m\u00e1s agresivo, o como cansancio ante la sequedad y aburrimiento del \u00e1mbito secular, sin religi\u00f3n. Hay muchos testimonios a ese respecto, algunos de ellos se recogen en libros como el de Justin Brierley, <em>The Surprising Rebirth of Belief in God<\/em> (2023).<\/p>\n<p>Por otro lado, <strong>uno de los s\u00edntomas que m\u00e1s llaman la atenci\u00f3n, es la profusi\u00f3n de estudios que se est\u00e1n publicando estos a\u00f1os sobre la relaci\u00f3n positiva entre religi\u00f3n y salud, religi\u00f3n y bienestar, religi\u00f3n y desarrollo virtuoso<\/strong> <em>(flourishing).<\/em> Sorprende la cantidad de estudios que se publican cada a\u00f1o y casi todos con indicaciones sobre lo saludable y buena que es la fe, o mejor, la pr\u00e1ctica religiosa (v\u00e9ase por ejemplo <a href=\"https:\/\/doi.org\/10.1007\/s11135-023-01779-5\">este art\u00edculo publicado hace muy poco<\/a>)<\/p>\n<p>Un \u00faltimo s\u00edntoma se refiere a la publicaci\u00f3n del libro <em>Dios \u2013 la ciencia \u2013 las pruebas<\/em>, que ha vendido m\u00e1s de 220.000 ejemplares en Francia, y tambi\u00e9n se est\u00e1 distribuyendo bien en Espa\u00f1a. <strong>Sus autores nos ense\u00f1an como la ciencia bien entendida nos acerca a Dios<\/strong>. Es el caso m\u00e1s llamativo a nivel editorial, pero hay otros estudios m\u00e1s especializados que apuntan a una real convergencia entre ciencia y fe e incluso a una posible conjunci\u00f3n entre sus explicaciones (Conjunctive Explanations in Science and Religion).<\/p>\n<p>Todo eso y mucho m\u00e1s nos hace pensar que Dios vuelve a estar m\u00e1s cerca o que se dan condiciones culturales que facilitan nuestro encuentro con \u00c9l. Parece que ya va pasando de moda la actitud de rechazo o alergia hacia la fe cristiana; y adem\u00e1s puede sentarnos bien refrescar dicha fe.<\/p>\n","protected":false},"excerpt":{"rendered":"<p>[Llu\u00eds Oviedo Torr\u00f3 OFM] Nos pregunt\u00e1bamos en una entrada anterior en FronterasCTR en qu\u00e9 medida pueda hablarse de un retorno de Dios en un ambiente cultural muy secularizado. Se dan indicios, dec\u00edamos, algunos de ellos muy expl\u00edcitos. Otros no tanto. Completamos aqu\u00ed el mapa de esos indicios con algunos nuevos estudios que se han publicado &#8230; <a title=\"\u00bfM\u00e1s signos del retorno de Dios?\" class=\"read-more\" href=\"https:\/\/blogs.comillas.edu\/FronterasCTR\/?p=8177\" aria-label=\"Leer m\u00e1s sobre \u00bfM\u00e1s signos del retorno de Dios?\">Leer m\u00e1s<\/a><\/p>\n","protected":false},"author":263,"featured_media":8180,"comment_status":"closed","ping_status":"closed","sticky":false,"template":"","format":"standard","meta":{"generate_page_header":"","footnotes":""},"categories":[145,1430],"tags":[1357,1372],"class_list":["post-8177","post","type-post","status-publish","format-standard","has-post-thumbnail","hentry","category-cultura-tecnologica-etica-y-teologia","category-historia-de-la-relacion-ciencia-religion","tag-ciencia-y-religion","tag-postsecularidad"],"_links":{"self":[{"href":"https:\/\/blogs.comillas.edu\/FronterasCTR\/index.php?rest_route=\/wp\/v2\/posts\/8177","targetHints":{"allow":["GET"]}}],"collection":[{"href":"https:\/\/blogs.comillas.edu\/FronterasCTR\/index.php?rest_route=\/wp\/v2\/posts"}],"about":[{"href":"https:\/\/blogs.comillas.edu\/FronterasCTR\/index.php?rest_route=\/wp\/v2\/types\/post"}],"author":[{"embeddable":true,"href":"https:\/\/blogs.comillas.edu\/FronterasCTR\/index.php?rest_route=\/wp\/v2\/users\/263"}],"replies":[{"embeddable":true,"href":"https:\/\/blogs.comillas.edu\/FronterasCTR\/index.php?rest_route=%2Fwp%2Fv2%2Fcomments&post=8177"}],"version-history":[{"count":3,"href":"https:\/\/blogs.comillas.edu\/FronterasCTR\/index.php?rest_route=\/wp\/v2\/posts\/8177\/revisions"}],"predecessor-version":[{"id":8189,"href":"https:\/\/blogs.comillas.edu\/FronterasCTR\/index.php?rest_route=\/wp\/v2\/posts\/8177\/revisions\/8189"}],"wp:featuredmedia":[{"embeddable":true,"href":"https:\/\/blogs.comillas.edu\/FronterasCTR\/index.php?rest_route=\/wp\/v2\/media\/8180"}],"wp:attachment":[{"href":"https:\/\/blogs.comillas.edu\/FronterasCTR\/index.php?rest_route=%2Fwp%2Fv2%2Fmedia&parent=8177"}],"wp:term":[{"taxonomy":"category","embeddable":true,"href":"https:\/\/blogs.comillas.edu\/FronterasCTR\/index.php?rest_route=%2Fwp%2Fv2%2Fcategories&post=8177"},{"taxonomy":"post_tag","embeddable":true,"href":"https:\/\/blogs.comillas.edu\/FronterasCTR\/index.php?rest_route=%2Fwp%2Fv2%2Ftags&post=8177"}],"curies":[{"name":"wp","href":"https:\/\/api.w.org\/{rel}","templated":true}]}}