{"id":8036,"date":"2023-11-13T08:00:06","date_gmt":"2023-11-13T07:00:06","guid":{"rendered":"https:\/\/blogs.comillas.edu\/FronterasCTR\/?p=8036"},"modified":"2023-11-13T12:16:24","modified_gmt":"2023-11-13T11:16:24","slug":"the-flag-and-the-cross","status":"publish","type":"post","link":"https:\/\/blogs.comillas.edu\/FronterasCTR\/?p=8036","title":{"rendered":"The Flag and the Cross"},"content":{"rendered":"<h3><strong>[Jes\u00fas S\u00e1nchez-Camacho] En el blog de la C\u00e1tedra Hana y Francisco J. Ayala de Ciencia, Tecnolog\u00eda y Religi\u00f3n,<em> FronterasCTR<\/em>, con el t\u00edtulo \u201cThe Flag and the Cross\u201d publicamos un extenso art\u00edculo sobre Philip S. Gorski y Samuel L. Perry.<\/strong><\/h3>\n<p>Hay investigadores que estudian las erupciones volc\u00e1nicas para comprender el aspecto del paisaje, descubrir c\u00f3mo se ha formado, explicar las causas por las que entra en erupci\u00f3n y prever futuras cat\u00e1strofes naturales. Philip S. Gorski y Samuel L. Perry siguen la senda de los ge\u00f3logos para dibujar el mapa del paisaje del nacionalismo cristiano contempor\u00e1neo. Estos soci\u00f3logos, que desde hace algunos a\u00f1os vienen buceando en las cuestiones contempor\u00e1neas del fen\u00f3meno religioso, no solo observan la superficie del problema de las relaciones \u00edntimas entre la religi\u00f3n y el estado, sino que profundizan en c\u00f3mo se ha ido construyendo el nacionalismo de \u00edndole religiosa y qu\u00e9 rol est\u00e1 jugando en el escenario pol\u00edtico estadounidense de los \u00faltimos a\u00f1os. Asimismo, se atreven a augurar un futuro en el que, seg\u00fan ellos, estar\u00eda en peligro la democracia.<\/p>\n<p>El cap\u00edtulo primero del trabajo atiende a las cuestiones \u201cqu\u00e9\u201d y \u201cqui\u00e9n\u201d del nacionalismo cristiano, definiendo, midiendo y evaluando sus efectos a partir de datos obtenidos en diferentes encuestas. El segundo cap\u00edtulo depara en el \u201ccu\u00e1ndo\u201d y \u201cpor qu\u00e9\u201d, para observar c\u00f3mo este fen\u00f3meno se ha originado y evolucionado hist\u00f3ricamente. El tercer cap\u00edtulo se preocupa por el \u201cc\u00f3mo\u201d, para profundizar por el influjo del nacionalismo cristiano en la pol\u00edtica y la sociedad estadounidense. Por \u00faltimo, el cap\u00edtulo cuarto augura el futuro de este tipo de presencia religiosa en la vida p\u00fablica, expone hacia d\u00f3nde se dirige y advierte de lo que podr\u00eda ocurrir si el impacto del nacionalismo cristiano aumentara en los a\u00f1os venideros.<\/p>\n<p>La obra pretende ser un manual sobre el \u201cnacionalismo cristiano blanco\u201d, se\u00f1alando su origen, causas y futuro. Los autores afirman que <strong>esta realidad, invisible para la mayor\u00eda de los estadounidenses, se ha manifestado a partir del asalto al Capitolio el 6 de enero de 2021, en el que convivi\u00f3 la violencia de los manifestantes con la simbolog\u00eda cristiana<\/strong>.<\/p>\n<p>Para ellos, aquella fue una erupci\u00f3n volc\u00e1nica cuya presi\u00f3n se hab\u00eda estado acumulando a\u00f1os atr\u00e1s, y cuyos gases se emitieron violentamente en el Congreso de los Estados Unidos. Los cambios demogr\u00e1ficos y culturales, la revoluci\u00f3n de las redes sociales, la progresiva polarizaci\u00f3n social, la injerencia extranjera en las elecciones, la disminuci\u00f3n de la influencia num\u00e9rica de los protestantes blancos conservadores, la secularizaci\u00f3n de la sociedad, el crecimiento de la desigualdad, la elecci\u00f3n de Barack Obama y, sobre todo, la victoria de Donald Trump, son algunas causas del fen\u00f3meno se\u00f1aladas por los autores.<\/p>\n<p>Philip S. Gorski y Samuel L. Perry mantienen que <strong>los nacionalistas cristianos perciben la multiculturalidad como una seria amenaza para una naci\u00f3n que ha de regresar a sus ra\u00edces: los valores cristianos<\/strong>. De esa forma, la naci\u00f3n estadounidense, escogida por Dios, tendr\u00eda una misi\u00f3n fundamental: el establecimiento de ese plan divino. Un camino en el que se encuentran tantas contradicciones como ideas r\u00edgidas sobre asuntos relacionados con la interculturalidad y la globalizaci\u00f3n, las supuestas limitaciones de la libertad religiosa, las competencias del gobierno, la amenaza del socialismo, los procesos de migraci\u00f3n humana, la crisis del estado del bienestar y la resistencia a las restricciones del Covid-19 por motivos sanitarios.<\/p>\n<p><strong>Ciertamente, el cristianismo puede ser instrumentalizado para influir en las decisiones de car\u00e1cter pol\u00edtico<\/strong>; lo podemos comprobar a trav\u00e9s de uno de los casos m\u00e1s recientes como <strong>el asalto al Capitolio de los Estados Unidos<\/strong>, <strong>o<\/strong> con ejemplos m\u00e1s remotos como <strong>el experimentado en la Espa\u00f1a franquista<\/strong>, donde la religi\u00f3n estableci\u00f3 v\u00ednculos estrechos con el poder durante una dictadura autoproclamada religiosa. Asimismo, en los \u00faltimos a\u00f1os, a un lado y al otro del Atl\u00e1ntico, se revela <strong>una reacci\u00f3n extrema de ciertos grupos cristianos que perciben su libertad religiosa amenazada ante el reconocimiento de los derechos de otros colectivos<\/strong>.<\/p>\n<p>Un ejemplo de ello es el inapelable rechazo a los Objetivos de Desarrollo Sostenible para el 2030. No obstante, muchos otros cristianos no se mueven en este tipo de coordenadas, ya que no solo se oponen a la polarizaci\u00f3n y al lenguaje hostil, sino que consideran prioritaria la unidad por encima de las barreras de las diferencias. Por ello, <strong>se echa de menos un cap\u00edtulo en el libro que dibuje el perfil de aquellos cristianos que promueven el di\u00e1logo y la cooperaci\u00f3n con otras instituciones<\/strong> como \u00fanico camino para conseguir una sociedad m\u00e1s justa, y un mayor entendimiento entre creyentes y no creyentes.<\/p>\n<p>Asimismo, la obra tampoco profundiza sobre aquellos que abanderan una actitud irritante hacia la manifestaci\u00f3n p\u00fablica del fen\u00f3meno religioso y creen que la voz religiosa solo tiene cabida en el espacio privado. Un asunto que no solo menoscaba los derechos de los creyentes y la pluralidad religiosa, sino tambi\u00e9n los cimientos de la libertad y de la democracia.<\/p>\n<p>\u00bfNacionalismo cristiano en erupci\u00f3n? Los autores de esta obra creen que Estados Unidos es un experimento y que el \u00e9xito de este fen\u00f3meno pende de la decisi\u00f3n que tomen los ciudadanos en las urnas. <strong>En los \u00faltimos a\u00f1os, el auge de la ultraizquierda y la ultraderecha est\u00e1 representando una amenaza para la convivencia democr\u00e1tica<\/strong>.<\/p>\n<p>Y, en efecto, en distintos puntos del planeta se han aliado partidos de extrema derecha con algunos cristianos de corte fundamentalista. Sin embargo, pensar que estas reliquias nacionalcat\u00f3licas vayan a convencer a la opini\u00f3n p\u00fablica y acabar con el pluralismo contempor\u00e1neo ser\u00eda llegar a conclusiones, cuando menos, precipitadas.<\/p>\n<p>Esta recensi\u00f3n fue publicada en <a href=\"https:\/\/revistas.comillas.edu\/index.php\/razonyfe\/article\/view\/20675\"><em>Raz\u00f3n y fe<\/em><\/a>.<\/p>\n<p>&nbsp;<\/p>\n","protected":false},"excerpt":{"rendered":"<p>[Jes\u00fas S\u00e1nchez-Camacho] En el blog de la C\u00e1tedra Hana y Francisco J. Ayala de Ciencia, Tecnolog\u00eda y Religi\u00f3n, FronterasCTR, con el t\u00edtulo \u201cThe Flag and the Cross\u201d publicamos un extenso art\u00edculo sobre Philip S. Gorski y Samuel L. Perry. Hay investigadores que estudian las erupciones volc\u00e1nicas para comprender el aspecto del paisaje, descubrir c\u00f3mo se &#8230; <a title=\"The Flag and the Cross\" class=\"read-more\" href=\"https:\/\/blogs.comillas.edu\/FronterasCTR\/?p=8036\" aria-label=\"Leer m\u00e1s sobre The Flag and the Cross\">Leer m\u00e1s<\/a><\/p>\n","protected":false},"author":263,"featured_media":8039,"comment_status":"closed","ping_status":"closed","sticky":false,"template":"","format":"standard","meta":{"generate_page_header":"","footnotes":""},"categories":[1],"tags":[1514,419,1520,1517],"class_list":["post-8036","post","type-post","status-publish","format-standard","has-post-thumbnail","hentry","category-sin-categoria","tag-contemporaneidad","tag-cristianismo","tag-democracia","tag-nacionalismo"],"_links":{"self":[{"href":"https:\/\/blogs.comillas.edu\/FronterasCTR\/index.php?rest_route=\/wp\/v2\/posts\/8036","targetHints":{"allow":["GET"]}}],"collection":[{"href":"https:\/\/blogs.comillas.edu\/FronterasCTR\/index.php?rest_route=\/wp\/v2\/posts"}],"about":[{"href":"https:\/\/blogs.comillas.edu\/FronterasCTR\/index.php?rest_route=\/wp\/v2\/types\/post"}],"author":[{"embeddable":true,"href":"https:\/\/blogs.comillas.edu\/FronterasCTR\/index.php?rest_route=\/wp\/v2\/users\/263"}],"replies":[{"embeddable":true,"href":"https:\/\/blogs.comillas.edu\/FronterasCTR\/index.php?rest_route=%2Fwp%2Fv2%2Fcomments&post=8036"}],"version-history":[{"count":5,"href":"https:\/\/blogs.comillas.edu\/FronterasCTR\/index.php?rest_route=\/wp\/v2\/posts\/8036\/revisions"}],"predecessor-version":[{"id":8075,"href":"https:\/\/blogs.comillas.edu\/FronterasCTR\/index.php?rest_route=\/wp\/v2\/posts\/8036\/revisions\/8075"}],"wp:featuredmedia":[{"embeddable":true,"href":"https:\/\/blogs.comillas.edu\/FronterasCTR\/index.php?rest_route=\/wp\/v2\/media\/8039"}],"wp:attachment":[{"href":"https:\/\/blogs.comillas.edu\/FronterasCTR\/index.php?rest_route=%2Fwp%2Fv2%2Fmedia&parent=8036"}],"wp:term":[{"taxonomy":"category","embeddable":true,"href":"https:\/\/blogs.comillas.edu\/FronterasCTR\/index.php?rest_route=%2Fwp%2Fv2%2Fcategories&post=8036"},{"taxonomy":"post_tag","embeddable":true,"href":"https:\/\/blogs.comillas.edu\/FronterasCTR\/index.php?rest_route=%2Fwp%2Fv2%2Ftags&post=8036"}],"curies":[{"name":"wp","href":"https:\/\/api.w.org\/{rel}","templated":true}]}}