{"id":7767,"date":"2023-07-20T08:00:45","date_gmt":"2023-07-20T06:00:45","guid":{"rendered":"https:\/\/blogs.comillas.edu\/FronterasCTR\/?p=7767"},"modified":"2023-07-25T12:27:23","modified_gmt":"2023-07-25T10:27:23","slug":"retrato-de-teilhard-de-chardin-de-pie-y-en-silencio","status":"publish","type":"post","link":"https:\/\/blogs.comillas.edu\/FronterasCTR\/?p=7767","title":{"rendered":"Retrato de Teilhard de Chardin"},"content":{"rendered":"<p><strong>[Juan V. Fern\u00e1ndez de la Gala,\u00a0Vicepresidente de la Asociaci\u00f3n de Amigos de Teilhard en Espa\u00f1a].\u00a0La Academia de Bellas Artes Santa Cecilia acogi\u00f3 el pasado martes 11 de julio un homenaje a la figura del jesuita y paleont\u00f3logo franc\u00e9s Pierre Teilhard de Chardin (1881-1955) que supo desenterrar la vida y la cultura humana escondida en los estratos paleol\u00edticos de China. Teilhard nos ayud\u00f3 a los cat\u00f3licos a incorporar sin traumas la idea evolutiva en nuestra concepci\u00f3n del mundo y nos ense\u00f1\u00f3 un camino m\u00edstico que era capaz de percibir la secreta presencia de Dios en la materia del mundo.<\/strong><\/p>\n<p>El acto, que reuni\u00f3 a numeroso p\u00fablico, tuvo como escenario de privilegio el Monasterio de la Victoria, antiguo Penal de El Puerto, y cont\u00f3 con una presentaci\u00f3n a cargo de la Asociaci\u00f3n de Amigos de Teilhard de Espa\u00f1a pero, sobre todo, con la presencia experta de Merc\u00e8 Prats, investigadora y documentalista de la Fundaci\u00f3n Teilhard de Chardin en Par\u00eds.<\/p>\n<p>Puede leerse la noticia completa en la <a href=\"https:\/\/www.vidanuevadigital.com\/2023\/07\/14\/retrato-de-teilhard-de-chardin-de-pie-y-en-silencio\/?fbclid=IwAR2qKMncITH2PrgkXU3GFfSH8LTqyuBg5IqLplZvBlpaIOmRjfEHqsFkuk8\">revista Vida Nueva<\/a>.<\/p>\n<p>&nbsp;<\/p>\n<p><img loading=\"lazy\" decoding=\"async\" class=\"alignleft size-medium wp-image-7773\" src=\"http:\/\/blogs.comillas.edu\/FronterasCTR\/wp-content\/uploads\/sites\/24\/2023\/07\/victoria-2-300x300.jpg\" alt=\"\" width=\"300\" height=\"300\" srcset=\"https:\/\/blogs.comillas.edu\/FronterasCTR\/wp-content\/uploads\/sites\/24\/2023\/07\/victoria-2-300x300.jpg 300w, https:\/\/blogs.comillas.edu\/FronterasCTR\/wp-content\/uploads\/sites\/24\/2023\/07\/victoria-2-1024x1024.jpg 1024w, https:\/\/blogs.comillas.edu\/FronterasCTR\/wp-content\/uploads\/sites\/24\/2023\/07\/victoria-2-150x150.jpg 150w, https:\/\/blogs.comillas.edu\/FronterasCTR\/wp-content\/uploads\/sites\/24\/2023\/07\/victoria-2-768x768.jpg 768w, https:\/\/blogs.comillas.edu\/FronterasCTR\/wp-content\/uploads\/sites\/24\/2023\/07\/victoria-2-1536x1536.jpg 1536w, https:\/\/blogs.comillas.edu\/FronterasCTR\/wp-content\/uploads\/sites\/24\/2023\/07\/victoria-2.jpg 1728w\" sizes=\"auto, (max-width: 300px) 100vw, 300px\" \/><\/p>\n<p>&nbsp;<\/p>\n<p>&nbsp;<\/p>\n","protected":false},"excerpt":{"rendered":"<p>[Juan V. Fern\u00e1ndez de la Gala,\u00a0Vicepresidente de la Asociaci\u00f3n de Amigos de Teilhard en Espa\u00f1a].\u00a0La Academia de Bellas Artes Santa Cecilia acogi\u00f3 el pasado martes 11 de julio un homenaje a la figura del jesuita y paleont\u00f3logo franc\u00e9s Pierre Teilhard de Chardin (1881-1955) que supo desenterrar la vida y la cultura humana escondida en los &#8230; <a title=\"Retrato de Teilhard de Chardin\" class=\"read-more\" href=\"https:\/\/blogs.comillas.edu\/FronterasCTR\/?p=7767\" aria-label=\"Leer m\u00e1s sobre Retrato de Teilhard de Chardin\">Leer m\u00e1s<\/a><\/p>\n","protected":false},"author":263,"featured_media":7770,"comment_status":"closed","ping_status":"closed","sticky":false,"template":"","format":"standard","meta":{"generate_page_header":"","footnotes":""},"categories":[1430],"tags":[1455,1462,1463,225],"class_list":["post-7767","post","type-post","status-publish","format-standard","has-post-thumbnail","hentry","category-historia-de-la-relacion-ciencia-religion","tag-asociacion-de-amigos-de-teilhard-en-espana","tag-musica","tag-paleontologia","tag-teilhard-de-chardin"],"_links":{"self":[{"href":"https:\/\/blogs.comillas.edu\/FronterasCTR\/index.php?rest_route=\/wp\/v2\/posts\/7767","targetHints":{"allow":["GET"]}}],"collection":[{"href":"https:\/\/blogs.comillas.edu\/FronterasCTR\/index.php?rest_route=\/wp\/v2\/posts"}],"about":[{"href":"https:\/\/blogs.comillas.edu\/FronterasCTR\/index.php?rest_route=\/wp\/v2\/types\/post"}],"author":[{"embeddable":true,"href":"https:\/\/blogs.comillas.edu\/FronterasCTR\/index.php?rest_route=\/wp\/v2\/users\/263"}],"replies":[{"embeddable":true,"href":"https:\/\/blogs.comillas.edu\/FronterasCTR\/index.php?rest_route=%2Fwp%2Fv2%2Fcomments&post=7767"}],"version-history":[{"count":4,"href":"https:\/\/blogs.comillas.edu\/FronterasCTR\/index.php?rest_route=\/wp\/v2\/posts\/7767\/revisions"}],"predecessor-version":[{"id":7778,"href":"https:\/\/blogs.comillas.edu\/FronterasCTR\/index.php?rest_route=\/wp\/v2\/posts\/7767\/revisions\/7778"}],"wp:featuredmedia":[{"embeddable":true,"href":"https:\/\/blogs.comillas.edu\/FronterasCTR\/index.php?rest_route=\/wp\/v2\/media\/7770"}],"wp:attachment":[{"href":"https:\/\/blogs.comillas.edu\/FronterasCTR\/index.php?rest_route=%2Fwp%2Fv2%2Fmedia&parent=7767"}],"wp:term":[{"taxonomy":"category","embeddable":true,"href":"https:\/\/blogs.comillas.edu\/FronterasCTR\/index.php?rest_route=%2Fwp%2Fv2%2Fcategories&post=7767"},{"taxonomy":"post_tag","embeddable":true,"href":"https:\/\/blogs.comillas.edu\/FronterasCTR\/index.php?rest_route=%2Fwp%2Fv2%2Ftags&post=7767"}],"curies":[{"name":"wp","href":"https:\/\/api.w.org\/{rel}","templated":true}]}}