{"id":7746,"date":"2023-08-30T08:00:13","date_gmt":"2023-08-30T06:00:13","guid":{"rendered":"https:\/\/blogs.comillas.edu\/FronterasCTR\/?p=7746"},"modified":"2023-08-30T10:26:52","modified_gmt":"2023-08-30T08:26:52","slug":"la-asociacion-de-amigos-de-teilhard-en-espana-cumple-10-anos","status":"publish","type":"post","link":"https:\/\/blogs.comillas.edu\/FronterasCTR\/?p=7746","title":{"rendered":"La Asociaci\u00f3n de Amigos de Teilhard en Espa\u00f1a cumple 10 a\u00f1os"},"content":{"rendered":"<p><strong>En septiembre de 2013 se constituy\u00f3 oficialmente esta asociaci\u00f3n que cuenta con m\u00e1s de un centenar de socios en nuestro pa\u00eds.\u00a0<\/strong><strong>Est\u00e1 vinculada a la WWT, Red Mundial de Amigos de Pierre Teilhard de Chardin, cuya sede est\u00e1 en Par\u00eds.\u00a0<\/strong><strong>[Por Manuel Medina Casado (secretario)\u00a0<\/strong><strong>y Leandro Sequeiros (presidente)]\u00a0<\/strong><\/p>\n<p><strong>\u00a0<\/strong>El jesuita cient\u00edfico Pierre Teilhard de Chardin (1881-1955) fue destinado a China, despu\u00e9s de obtener su doctorado en Ciencias Naturales, hace cien a\u00f1os. En el a\u00f1o 1923 llega al gran pa\u00eds asi\u00e1tico y junto con el padre jesuita \u00c9mile Licent inician una expedici\u00f3n cient\u00edfica al desierto de Ordos, que en ese tiempo pertenec\u00eda a Mongolia. All\u00ed, hace un siglo, encuentran restos arqueol\u00f3gicos de los primeros hombres f\u00f3siles de China. Y es en Ordos, parece ser que un 6 de agosto, fiesta de la Transfiguraci\u00f3n, cuando no teniendo pan ni vino para celebrar la Eucarist\u00eda, compone la famosa \u201cMisa sobre el Mundo\u201d de la que se cumple un siglo.<\/p>\n<p>Su tarea cient\u00edfica y evangelizadora de frontera se realiza en China durante m\u00e1s de 20 a\u00f1os. Con motivo de la Segunda Guerra Mundial los jesuitas de China son repatriados. Y los \u00faltimos diez a\u00f1os de su vida los pasa Teilhard en Estados Unidos, impartiendo conferencias y redactando art\u00edculos cient\u00edficos, filos\u00f3ficos y espirituales.<\/p>\n<p>Desgraciadamente, durante su vida no pudo ver publicados sus dos libros m\u00e1s densos: <em>El fen\u00f3meno Humano <\/em>y <em>El Medio Divino. <\/em>Solo despu\u00e9s de su fallecimiento en 1955 pudieron publicarse sus obras filos\u00f3ficas y religiosas gracias a la Fundaci\u00f3n Teilhard que se cre\u00f3 al efecto.<\/p>\n<p>En Espa\u00f1a, las obras de Teilhard se publicaron a partir de 1956 y sus trece tomos fueron muy le\u00eddos por los j\u00f3venes cristianos de ideas inquietas de aquella \u00e9poca y que anticipaban lo que luego dir\u00eda el Concilio Vaticano II.<\/p>\n<h3><strong>La Asociaci\u00f3n de<\/strong> <strong>Amigos de Teilhard de Chardin (secci\u00f3n espa\u00f1ola)<\/strong><\/h3>\n<p>La difusi\u00f3n en Espa\u00f1a de los escritos de Teilhard en los a\u00f1os 60 y 70 del siglo XX propici\u00f3 la aparici\u00f3n de diversos grupos de estudio sobre tu pensamiento. Los grupos m\u00e1s fuertes y activos se concentraron en Sabadell (en torno al profesor catal\u00e1n Miquel Crusafont) y en Madrid (en torno a la sevillana Maria Laffitte, Condesa de Campo Alange, y del jesuita gallego Emiliano de Aguirre Enr\u00edquez). Estos grupos se fueron disolviendo con el tiempo.<\/p>\n<p>En el siglo XXI, la Asociaci\u00f3n de <strong>Amigos de Teilhard de Chardin (secci\u00f3n espa\u00f1ola)<\/strong>, se constituy\u00f3 legalmente en el curso de la Asamblea constituyente celebrada el d\u00eda 25 de septiembre de 2013, en la sala de Juntas de la Universidad Pontificia Comillas de Madrid, sede de la calle de Alberto Aguilera 23. Algunos datos hist\u00f3ricos de nuestra Asociaci\u00f3n y de las anteriores se pueden encontrar en nuestro libro \u201cAmigos de Teilhard en Espa\u00f1a. Aproximaci\u00f3n hist\u00f3rica\u201d (descargable en:\u00a0<a href=\"http:\/\/www.bubok.es\/libros\/239044\/AMIGOS-DE-TEILHARD-EN-ESPANA-Aproximacion-historica\">http:\/\/www.bubok.es\/libros\/239044\/AMIGOS-DE-TEILHARD-EN-ESPANA-Aproximacion-historica<\/a> )<\/p>\n<p>En la Asamblea constituyente estuvimos presentes 21 miembros, de las m\u00e1s diversas zonas de Espa\u00f1a, m\u00e1s otros 14 constituyentes que delegaron su voto en los promotores de la Asociaci\u00f3n. Total: 35 asamblearios.<\/p>\n<p>Nuestra Asociaci\u00f3n fue inscrita en el Registro Nacional de Asociaciones: Grupo: 1\u00ba\/ Secci\u00f3n: 1\u00aa \/ N\u00famero Nacional: 604163, con fecha 25 de noviembre de 2013. En el Ministerio del Interior.<\/p>\n<p>Es decir, fue registrada exactamente a los dos meses, de la celebraci\u00f3n de nuestra Asamblea Constituyente, lo que prueba el eficaz y arduo trabajo de los promotores. M\u00e1s adelante en el tiempo, en estos diez a\u00f1os de andadura, hemos llegado a ser m\u00e1s de 120 los miembros de la Asociaci\u00f3n.<\/p>\n<h3><strong>Renovaci\u00f3n de la Junta Directiva (2022)<\/strong><\/h3>\n<p>En el mes de septiembre de 2022 tuvo lugar una Asamblea virtual de Socios. Entre otras cosas, se aprob\u00f3 la incorporaci\u00f3n a nuestro grupo de 15 nuevos socios. Se ha renovado la Junta Directiva que queda de este modo:<\/p>\n<p>Presidente de Honor: Exmo. Sr. Dr. Emiliano Aguirre, Premio Pr\u00edncipe de Asturias 1997 <a href=\"https:\/\/www.atapuerca.org\/es\/ficha\/Z8DD066A3-F8DD-4C84-6513C01522500790\/emiliano-aguirre-el-padre-del-proyecto-atapuerca\">https:\/\/www.atapuerca.org\/es\/ficha\/Z8DD066A3-F8DD-4C84-6513C01522500790\/emiliano-aguirre-el-padre-del-proyecto-atapuerca<\/a><\/p>\n<p>Presidente: Dr. Leandro Sequeiros<\/p>\n<p>Vicepresidente: Dr. Juan V. Fern\u00e1ndez de la Gala<\/p>\n<p>Secretario: D. Manuel Medina Casado<\/p>\n<p>Tesorero: D. Javier Castellano Bar\u00f3n<\/p>\n<p>Vocales: Do\u00f1a Paz Enr\u00edquez, D. Manuel Cort\u00e9s, D. Eduardo Ochoa de Aspuru<\/p>\n<h3><strong>La Red Mundial de Amigos de Teilhard (WWT)<\/strong><\/h3>\n<p>La Asociaci\u00f3n de Amigos de Teilhard (secci\u00f3n espa\u00f1ola) est\u00e1 integrada en el proyecto de una red mundial de Asociaciones que coordina desde Par\u00eds Anne Marie Roger. Deseamos desarrollar la interactividad de la red Teilhard Mundo para conocer mejor y tambi\u00e9n valorar la manera en que el pensamiento de Teilhard se extiende en todos los Continentes: en Europa, \u00c1frica, Asia, Am\u00e9rica del Norte y del Sur.<\/p>\n<p><strong>\u00a0<\/strong>\u201c<em>La gran tarea que ahora nos espera es continuar el pensamiento del Padre Teilhard de Chardin en el campo de la ciencia, la filosof\u00eda y la teolog\u00eda m\u00e1s all\u00e1 de los l\u00edmites que las circunstancias le impusieron. Con esta condici\u00f3n \u2013 y s\u00f3lo con esta condici\u00f3n \u2013la obra que \u00e9l inici\u00f3 lograr\u00e1 su pleno desarrollo y dar\u00e1 los frutos que \u00e9l esperaba de ella<\/em>.\u201d<br \/>\nN.M. WILDIERS, Doctor en Teolog\u00eda.<\/p>\n<p>La red Teilhard Monde\/WorldwideTeilhard conecta a todas las asociaciones de amigos de Teilhard en todo el mundo, tanto las asociaciones europeas como las de otros pa\u00edses, especialmente en los EE.UU. y China, donde Teilhard vivi\u00f3. Tambi\u00e9n incluye a muchas personas que no pertenecen a ninguna asociaci\u00f3n y re\u00fane a una gran variedad de especialistas y entusiastas, lo que les permite dialogar, intercambiar informaci\u00f3n, compartir preocupaciones, investigaciones y descubrimientos. Actualmente cuenta con unas 250 personas y asociaciones, en una treintena de pa\u00edses, y nos gustar\u00eda enriquecer nuestra reflexi\u00f3n com\u00fan con un intercambio reforzado.<\/p>\n<p>Creemos que el pensamiento del Padre Teilhard es m\u00e1s de actualidad que nunca para responder a los problemas y desaf\u00edos del mundo en el que vivimos. La ambici\u00f3n de la red Teilhard Monde es compartir una visi\u00f3n planetaria, actualizada regularmente, del eco y el impacto del pensamiento de Teilhard en todos los continentes. Queremos extender la red del Mundo Teilhard porque estamos seguros de que hay cientos de \u201csemillas\u201d Teilhard todav\u00eda enterradas en todo el mundo, semillas que deber\u00edamos ver germinar a m\u00e1s o menos largo plazo.<\/p>\n<p>Compartimos una doble convicci\u00f3n. Los progresos cient\u00edficos actuales no hacen sino reforzar las intuiciones de Teilhard, y el compromiso espiritual de los cristianos sobre la base de estas intuiciones es indispensable en un momento en el que estamos siendo testigos de incre\u00edbles avances en el conocimiento cient\u00edfico. Adem\u00e1s, estamos seguros de que veremos muchos m\u00e1s en un futuro pr\u00f3ximo.<\/p>\n<p><img loading=\"lazy\" decoding=\"async\" class=\"alignleft size-medium wp-image-7748\" src=\"http:\/\/blogs.comillas.edu\/FronterasCTR\/wp-content\/uploads\/sites\/24\/2023\/07\/teilhard-264x300.jpg\" alt=\"\" width=\"264\" height=\"300\" srcset=\"https:\/\/blogs.comillas.edu\/FronterasCTR\/wp-content\/uploads\/sites\/24\/2023\/07\/teilhard-264x300.jpg 264w, https:\/\/blogs.comillas.edu\/FronterasCTR\/wp-content\/uploads\/sites\/24\/2023\/07\/teilhard.jpg 325w\" sizes=\"auto, (max-width: 264px) 100vw, 264px\" \/><\/p>\n<table>\n<tbody>\n<tr>\n<td width=\"576\"><strong>\u00a0<\/strong><\/p>\n<p><strong>Y PARA TERMINAR\u2026 <\/strong><strong>LA OFRENDA<\/strong><\/p>\n<p>\u00abYa que, una vez m\u00e1s, Se\u00f1or, como en los bosques del Aisne, tambi\u00e9n en las estepas de Asia, no tengo ni pan, ni vino, ni altar, me elevar\u00e9 por encima de los s\u00edmbolos hasta la pura majestad de lo real, y te ofrecer\u00e9, yo que soy tu sacerdote, sobre el altar de la tierra entera, el trabajo y la pena del mundo.<\/p>\n<p>El sol acaba de iluminar, all\u00e1 lejos, la franja extrema del Lejano Oriente. Una vez m\u00e1s la superficie viviente de la tierra se despierta, se estremece y vuelve a iniciar su tremenda labor bajo la capa m\u00f3vil de sus fuegos. Yo colocar\u00e9 en mi patena, Dios m\u00edo, la esperada cosecha de este nuevo esfuerzo. Derramar\u00e9 en mi c\u00e1liz la savia de todos los frutos que hoy ser\u00e1n molidos.\u00bb P. Teilhard de Chardin<\/td>\n<\/tr>\n<\/tbody>\n<\/table>\n<p>&nbsp;<\/p>\n","protected":false},"excerpt":{"rendered":"<p>En septiembre de 2013 se constituy\u00f3 oficialmente esta asociaci\u00f3n que cuenta con m\u00e1s de un centenar de socios en nuestro pa\u00eds.\u00a0Est\u00e1 vinculada a la WWT, Red Mundial de Amigos de Pierre Teilhard de Chardin, cuya sede est\u00e1 en Par\u00eds.\u00a0[Por Manuel Medina Casado (secretario)\u00a0y Leandro Sequeiros (presidente)]\u00a0 \u00a0El jesuita cient\u00edfico Pierre Teilhard de Chardin (1881-1955) fue &#8230; <a title=\"La Asociaci\u00f3n de Amigos de Teilhard en Espa\u00f1a cumple 10 a\u00f1os\" class=\"read-more\" href=\"https:\/\/blogs.comillas.edu\/FronterasCTR\/?p=7746\" aria-label=\"Leer m\u00e1s sobre La Asociaci\u00f3n de Amigos de Teilhard en Espa\u00f1a cumple 10 a\u00f1os\">Leer m\u00e1s<\/a><\/p>\n","protected":false},"author":263,"featured_media":7750,"comment_status":"closed","ping_status":"closed","sticky":false,"template":"","format":"standard","meta":{"generate_page_header":"","footnotes":""},"categories":[1430,139],"tags":[1455,1410,225],"class_list":["post-7746","post","type-post","status-publish","format-standard","has-post-thumbnail","hentry","category-historia-de-la-relacion-ciencia-religion","category-relacion-entre-ciencia-y-religion","tag-asociacion-de-amigos-de-teilhard-en-espana","tag-misa-sobre-el-mundo","tag-teilhard-de-chardin"],"_links":{"self":[{"href":"https:\/\/blogs.comillas.edu\/FronterasCTR\/index.php?rest_route=\/wp\/v2\/posts\/7746","targetHints":{"allow":["GET"]}}],"collection":[{"href":"https:\/\/blogs.comillas.edu\/FronterasCTR\/index.php?rest_route=\/wp\/v2\/posts"}],"about":[{"href":"https:\/\/blogs.comillas.edu\/FronterasCTR\/index.php?rest_route=\/wp\/v2\/types\/post"}],"author":[{"embeddable":true,"href":"https:\/\/blogs.comillas.edu\/FronterasCTR\/index.php?rest_route=\/wp\/v2\/users\/263"}],"replies":[{"embeddable":true,"href":"https:\/\/blogs.comillas.edu\/FronterasCTR\/index.php?rest_route=%2Fwp%2Fv2%2Fcomments&post=7746"}],"version-history":[{"count":4,"href":"https:\/\/blogs.comillas.edu\/FronterasCTR\/index.php?rest_route=\/wp\/v2\/posts\/7746\/revisions"}],"predecessor-version":[{"id":7752,"href":"https:\/\/blogs.comillas.edu\/FronterasCTR\/index.php?rest_route=\/wp\/v2\/posts\/7746\/revisions\/7752"}],"wp:featuredmedia":[{"embeddable":true,"href":"https:\/\/blogs.comillas.edu\/FronterasCTR\/index.php?rest_route=\/wp\/v2\/media\/7750"}],"wp:attachment":[{"href":"https:\/\/blogs.comillas.edu\/FronterasCTR\/index.php?rest_route=%2Fwp%2Fv2%2Fmedia&parent=7746"}],"wp:term":[{"taxonomy":"category","embeddable":true,"href":"https:\/\/blogs.comillas.edu\/FronterasCTR\/index.php?rest_route=%2Fwp%2Fv2%2Fcategories&post=7746"},{"taxonomy":"post_tag","embeddable":true,"href":"https:\/\/blogs.comillas.edu\/FronterasCTR\/index.php?rest_route=%2Fwp%2Fv2%2Ftags&post=7746"}],"curies":[{"name":"wp","href":"https:\/\/api.w.org\/{rel}","templated":true}]}}