{"id":1798,"date":"2017-06-28T07:00:02","date_gmt":"2017-06-28T05:00:02","guid":{"rendered":"http:\/\/blogs.comillas.edu\/FronterasCTR\/?p=1798"},"modified":"2017-06-24T18:24:58","modified_gmt":"2017-06-24T16:24:58","slug":"docencia-fisica-espiritualidad","status":"publish","type":"post","link":"https:\/\/blogs.comillas.edu\/FronterasCTR\/?p=1798","title":{"rendered":"Docencia de F\u00edsica y espiritualidad: competencias educativas"},"content":{"rendered":"<p><strong>(Por Eduardo Villena Lozano) Las ciencias f\u00edsicas aparecen como una materia \u00e1rida y sin relaci\u00f3n alguna con los valores human\u00edsticos, trascendentes y menos a\u00fan con los valores religiosos y cristianos. En un proyecto de innovaci\u00f3n educativa (del que hemos hablado en un <a href=\"https:\/\/blogs.comillas.edu\/FronterasCTR\/2017\/06\/14\/ciencia-fisica-competencias-espirituales\/\" target=\"_blank\" rel=\"noopener\">trabajo anterior<\/a>) se apuesta por la posibilidad de que en la F\u00edsica del curso segundo del actual bachillerato se puedan suscitar transversalmente competencias espirituales en los estudiantes. Presentamos aqu\u00ed una adaptaci\u00f3n del proyecto total de innovaci\u00f3n educativa propuesto en el master en profesorado de secundaria.<\/strong><\/p>\n<p>En un <a href=\"https:\/\/blogs.comillas.edu\/FronterasCTR\/2017\/06\/14\/ciencia-fisica-competencias-espirituales\/\" target=\"_blank\" rel=\"noopener\">trabajo anterior<\/a> se ha reflexionado sobre la oportunidad, la posibilidad y el modo de integrar competencias espirituales en la ense\u00f1anza de las ciencias en educaci\u00f3n secundaria, y especialmente en el bachillerato. Nos hemos preguntado si la ense\u00f1anza y el aprendizaje de las ciencias f\u00edsicas, la F\u00edsica de los curr\u00edculos de bachillerato, puede ser tambi\u00e9n educadora de competencias aparentemente lejanas de las ciencias puras como son las competencias espirituales \u00bfNo es un intento artificial y forzado para incluir conocimientos no cient\u00edficos (y tal vez indoctrinadores y sectarios) en las ense\u00f1anzas regladas?<\/p>\n<p>El proyecto de innovaci\u00f3n educativa al que hemos aludido incluye una propuesta para poder determinar el nivel de desarrollo adquirido en competencia espiritual por alumnos y alumnas de 2\u00ba curso de Bachillerato. Con el t\u00edtulo \u201cProyecto de innovaci\u00f3n educativa. La competencia espiritual en estudiantes de 2\u00ba de bachillerato que cursan la materia de F\u00edsica\u201d present\u00e9 una propuesta que creemos de inter\u00e9s para los lectores de FronterasCTR. Recientemente, en la revista Tendencias21 se public\u00f3 un art\u00edculo sobre la <a href=\"http:\/\/www.tendencias21.net\/Es-la-espiritualidad-una-dimension-de-la-biologia_a40910.html\">Biolog\u00eda y la espiritualidad<\/a>. En esta misma l\u00ednea, se intenta mostrar que toda construcci\u00f3n cient\u00edfica puede ayudar a construir valores espirituales.<\/p>\n<h2><strong>Competencias espirituales en el curr\u00edculo de secundaria<\/strong><\/h2>\n<p>Como ya apuntamos en el art\u00edculo anterior, <a href=\"https:\/\/www.boe.es\/boe\/dias\/2006\/05\/04\/pdfs\/A17158-17207.pdf\">la Ley Org\u00e1nica de Educaci\u00f3n (2006)<\/a> ha establecido ocho competencias b\u00e1sicas educativas que deben ser contempladas en la educaci\u00f3n de los estudiantes en los centros educativos. Abundando m\u00e1s en este tema, <a href=\"http:\/\/www.escuelascatolicas.es\/Paginas\/default.aspx\">las Escuelas Cat\u00f3licas<\/a> (FERE-CECA) han propuesto una novena competencia que ha llamado <a href=\"https:\/\/www.yumpu.com\/es\/document\/view\/47707505\/competencia-espiritual-resumen-ejecutivo-del-libro-cerpe\">competencia espiritual<\/a> con la intenci\u00f3n de completar la educaci\u00f3n integral del estudiante a trav\u00e9s del conjunto de habilidades que determina la ense\u00f1anza por competencias. En este documento se propon\u00edan cuatro tipolog\u00edas a esta competencia: 1\u00aa) competencia espiritual b\u00e1sica o existencial, 2\u00aa) competencia espiritual trascendente, 3\u00aa) competencia espiritual religiosa y 4\u00ba) competencia espiritual cristiana pero para mi conocimiento, no hab\u00eda una definici\u00f3n propia de competencia espiritual. Pens\u00e9 que pod\u00eda tomar cada una de estas tipolog\u00edas como indicadores de la competencia espiritual gen\u00e9rica e intentar por otro lado elaborar una definici\u00f3n de competencia espiritual.<\/p>\n<p>En la primera parte de este trabajo hemos hecho propuestas sobre el indicador 1 o competencia espiritual b\u00e1sica o existencial. Nos referimos ahora a las otras tres competencias, espiritual trascendente, espiritual religiosa y espiritual cristiana, proponiendo algunas de las actividades a trabajar con los estudiantes de segundo de bachillerato.<\/p>\n<h3><strong>Indicador2 de la segunda competencia a desarrollar: la Espiritual trascendente<\/strong><\/h3>\n<p>Tal vez el primer escollo est\u00e1 en el concepto: \u00bfa qu\u00e9 nos referimos con la palabra \u201c<a href=\"https:\/\/es.wikipedia.org\/wiki\/Trascendencia\">trascendente<\/a>\u201d? De entrada, no tiene un significado intr\u00ednsecamente religioso, aunque puede incluir. Puede existir en el ser humano una experiencia trascendente no religiosa. En un sentido m\u00e1s inmediato y elemental, la voz \u00abtrascendencia\u00bb nos remite a una met\u00e1fora espacial: trascender (de <em>trans<\/em>, m\u00e1s all\u00e1, y <em>scando<\/em>, escalar) significa pasar de un \u00e1mbito a otro, atravesando el l\u00edmite que los separa. Una experiencia interior intensa puede llevar a una experiencia espiritual trascendente.<\/p>\n<p>Desde un punto de vista filos\u00f3fico, el concepto de trascendencia incluye adem\u00e1s la idea de superaci\u00f3n o superioridad. En la tradici\u00f3n filos\u00f3fica occidental, la trascendencia supone un \u00abm\u00e1s all\u00e1\u00bb del punto de referencia. Trascender significa la acci\u00f3n de \u00absobresalir\u00bb, de pasar de \u00abdentro\u00bb a \u00abfuera\u00bb de un determinado \u00e1mbito, superando su limitaci\u00f3n o clausura.<\/p>\n<p>Como se puede ver no tiene, de entrada, un significado religioso. En <u>filosof\u00eda del conocimiento<\/u> (quiz\u00e1 se puede hacer un enlace a: http:\/\/www.filosofia.org\/enc\/dfc\/conocimi.htm) la cuesti\u00f3n de la trascendencia se refiere a si lo que llamamos \u201csaberes\u201d tiene referencia con algo real que trasciende la mente del sujeto.<\/p>\n<p>En este tema nos referimos a si el ser humano tiene capacidad de intuir, a trav\u00e9s del conocimiento de la realidad natural, si existe una realidad externa a nosotros que pueda ser desconocida, y tambi\u00e9n, si hay realidad exteriores al conocimiento humano que forman parte de la esfera de lo desconocido, lo incognoscible, lo misterioso. El profesor Monserrat ha desarrollado estos conceptos en su libro \u201c<a href=\"http:\/\/www.tendencias21.net\/Ateos-y-creyentes-ante-la-incertidumbre-del-mas-alla-El-gran-enigma_a40762.html\">El Gran Enigma<\/a>\u201d.<\/p>\n<p>Reconocer que el conocimiento cient\u00edfico no alcanza a todo, que siempre existen enigmas, preguntas sin respuesta, misterios, es decir, las dimensiones trascendentes de la Realidad es una tarea que tal vez se pueda trabajar en la asignatura de f\u00edsica.<\/p>\n<h3><strong>Competencia Espiritual Trascendente: Rasgos<\/strong><\/h3>\n<p>Los expertos han descrito una serie de rasgos de esa competencia espiritual trascendente:<\/p>\n<ol>\n<li>Identificar y conocer qu\u00e9 supone una experiencia de trascendencia.<\/li>\n<li>Conocer, diferenciar y valorar experiencias de personas y movimientos filos\u00f3ficos respecto al Misterio, la trascendencia o t\u00e9rminos equivalentes.<\/li>\n<li>Tener experiencia en pr\u00e1cticas de meditaci\u00f3n.<\/li>\n<li>Tener recursos y h\u00e1bitos para integrar de una manera positiva la experiencia de la trascendencia en diferentes aspectos vitales: desarrollo personal, \u00e9tica, antropolog\u00eda, cosmovisiones, opci\u00f3n vital radical&#8230;<\/li>\n<li>Saber equilibrar las tensiones entre nuestra dimensi\u00f3n trascendente e inmanente, para el desarrollo personal y comunitario.<\/li>\n<li>Saber expresar de una manera racional y por medios art\u00edsticos la experiencia trascendente, sentirse libre de compartirlo en comunidad, con perspectivas inclusivistas, y ser capaz de situar los par\u00e9ntesis y silencios que tambi\u00e9n hablen de ella.<\/li>\n<li>Ser capaz de hacer una lectura de la realidad cotidiana con esa experiencia, diferenciarla de la emotividad y analizar c\u00f3mo potenciar las fortalezas y preparar para nuestras debilidades.<\/li>\n<li>Situar de una manera racional y experiencial c\u00f3mo afecta a las preguntas y experiencias de asombro y misterio que tenemos en nuestra vida.<\/li>\n<li>Diferenciar entre propuestas materialistas y no materialistas sobre el ser humano.<\/li>\n<li>Ser capaz de comprender la relaci\u00f3n entre la experiencia trascendente y el hecho religioso en todas sus dimensiones y elementos.<\/li>\n<\/ol>\n<p>Algunos conceptos descriptores son: Discernimiento, b\u00fasqueda\/ Creatividad, apertura a lo diferente\/ Esp\u00edritu cr\u00edtico y constructivo\/ Procesos de silencio y teolog\u00eda negativa\/ Solidaridad afectiva y efectiva\/ Localizaci\u00f3n de referencias basadas en lo absoluto&#8230;<\/p>\n<p><strong><em>Actividad: el encuentro con el universo enigm\u00e1tico<\/em><\/strong><\/p>\n<p>Los f\u00edsicos hoy son conscientes de que vivimos en un universo enigm\u00e1tico. Todas las nuevas teor\u00edas, como <a href=\"http:\/\/www.bubok.es\/libros\/220842\/LA-CIENCIA-CONTRA-DIOS-El-debate-sobre-Stephen-Hawking-en-Tendencias21-2\">la teor\u00eda del todo<\/a>, la teor\u00eda de cuerdas, los <a href=\"http:\/\/www.tendencias21.net\/La-teoria-del-multiverso-genera-debate-entre-pensadores-cientificos-y-religiosos_a3169.html\">multiversos,<\/a> nos remiten a inc\u00f3gnitas no resueltas (y posiblemente insolubles) de las ciencias f\u00edsicas.<\/p>\n<p>Como introducci\u00f3n al tema puede visionarse y comentar este documental:<\/p>\n<p><a href=\"https:\/\/www.youtube.com\/watch?v=7SvjO4uEPnw\">https:\/\/www.youtube.com\/watch?v=7SvjO4uEPnw<\/a><\/p>\n<p>En grupo se puede debatir los siguientes temas: \u00bfqu\u00e9 es lo que la ciencia sabe de nuestro universo? \u00bfQu\u00e9 aspectos son a\u00fan desconocidos? \u00bfQu\u00e9 sientes ante este desconocimiento?<\/p>\n<p>Comentar el siguiente ensayo: <a href=\"http:\/\/www.tendencias21.net\/La-ciencia-frente-al-sentido-de-la-vida-en-un-universo-enigmatico_a25131.html\">http:\/\/www.tendencias21.net\/La-ciencia-frente-al-sentido-de-la-vida-en-un-universo-enigmatico_a25131.html<\/a><\/p>\n<p>\u00bfCu\u00e1les son los l\u00edmites de la ciencia?<\/p>\n<p><strong><em>Actividad CTS: Meditaci\u00f3n, compasi\u00f3n y ondas cerebrales<\/em><\/strong><\/p>\n<p>Esta actividad CTS se incluye en <em>el Tema 6: Campos magn\u00e9ticos y corrientes el\u00e9ctricas<\/em>. Su justificaci\u00f3n queda avalada por la intenci\u00f3n de estimular en el estudiante la adquisici\u00f3n de habilidades como la \u201ccontemplaci\u00f3n\u201d y \u201cla b\u00fasqueda del autoconocimiento y el sentido de la vida\u201d.<\/p>\n<p>Objetivo: Avivar la capacidad de escucha y silencio a trav\u00e9s de procesos creativos de apertura a lo diferente para provocar la solidaridad afectiva y efectiva.<\/p>\n<p>En sus casas los estudiantes tendr\u00e1n que haber reflexionado por escrito (extensi\u00f3n: 1 p\u00e1gina) y haber hecho alguna indagaci\u00f3n en los links de la p\u00e1gina sobre la recensi\u00f3n de este art\u00edculo:<\/p>\n<p><a href=\"http:\/\/www.tendencias21.net\/Fisica-moderna-y-budismo-apelan-por-igual-a-la-compasion-universal_a2187.html\">http:\/\/www.tendencias21.net\/Fisica-moderna-y-budismo-apelan-por-igual-a-la-compasion-universal_a2187.html<\/a><\/p>\n<p>Tambi\u00e9n puede ser productivo leer y comentar este art\u00edculo publicado en Tendencias21 de las religiones:<\/p>\n<p><a href=\"http:\/\/www.tendencias21.net\/Buda-acude-en-auxilio-de-los-teologos_a43193.html\">http:\/\/www.tendencias21.net\/Buda-acude-en-auxilio-de-los-teologos_a43193.html<\/a><\/p>\n<p>En clase se har\u00e1 una breve puesta en com\u00fan grupal de lo reflexionado en casa y a continuaci\u00f3n el profesor presentar\u00e1 un video sobre el silencio como camino de conocimiento en la tradici\u00f3n cristiana:<\/p>\n<p><iframe loading=\"lazy\" width=\"1200\" height=\"675\" src=\"https:\/\/www.youtube.com\/embed\/peMvCjLy5-U?feature=oembed\" frameborder=\"0\" allowfullscreen><\/iframe><\/p>\n<p>Tras el video se reflexionar\u00e1 en clase sobre las siguientes cuestiones:<\/p>\n<p style=\"padding-left: 30px\">\u00bfTienes miedo al silencio? \u00bfA estar solo\/a contigo mismo\/a? \u00bfConsideras el silencio un aspecto importante en tu vida?<\/p>\n<p style=\"padding-left: 30px\">\u00bfPuedes identificar en el audio los tres tipos de silencio, silencio del cuerpo, de la mente y de las emociones, en tu propia experiencia?<\/p>\n<p style=\"padding-left: 30px\">Cada vez somos m\u00e1s conscientes de la conexi\u00f3n que existe con todo, \u00bfa qu\u00e9 crees que se refiere? En el audio se refiere a la experiencia que tiene lugar durante la meditaci\u00f3n \u00bfPuedes poner ejemplos desde tu experiencia?<\/p>\n<p style=\"padding-left: 30px\">Desde tu experiencia, \u00bfcu\u00e1les son tus lugares favoritos a los que te retiras cuando quieres estar solo\/a y\/o en silencio?<\/p>\n<p>En el audio se comparten varias experiencias de meditadores:<\/p>\n<p style=\"padding-left: 30px\">Comenta con tus compa\u00f1eros\/as.<\/p>\n<p style=\"padding-left: 30px\">Las emociones son una parte importante de nuestra vida, unas veces somos capaces de nombrarlas, como la angustia, la rabia o enfado pero otras no logramos ponerles nombre. \u00bfEres consciente de ellas? \u00bfQu\u00e9 atenci\u00f3n les prestas? \u00bfC\u00f3mo tratas con ellas?<\/p>\n<p style=\"padding-left: 30px\">\u00bfPuedes t\u00fa identificar cu\u00e1les son los obst\u00e1culos que encuentras en tu vida para relajarte y concentrarte?<\/p>\n<p style=\"padding-left: 30px\">El video habla del mantra. \u00bfQu\u00e9 dir\u00edas t\u00fa que es un mantra? \u00bfPuedes identificar un mantra en tu vida? \u00bfPalabra, gesto, pensamiento que se repite constantemente\u2026 como un mantra?<\/p>\n<p>Propuesta transversal: Actividad CTS en biolog\u00eda en la unidad dedicada a la Gen\u00e9tica y donde se propone desarrollar una actitud de conciencia sobre el azar de la herencia.<\/p>\n<p><a href=\"http:\/\/cultura.elpais.com\/cultura\/2016\/03\/18\/babelia\/1458303185_860049.html\">http:\/\/cultura.elpais.com\/cultura\/2016\/03\/18\/babelia\/1458303185_860049.html<\/a><\/p>\n<p>En la siguiente sesi\u00f3n el profesor presentar\u00e1 un art\u00edculo de investigaci\u00f3n cient\u00edfica sobre los patrones de encefalograma en practicantes de meditaci\u00f3n y los efectos que tiene la pr\u00e1ctica de la meditaci\u00f3n en los cambios cognitivos y emocionales del practicante. Se har\u00e1n referencia a los conceptos de ondas electromagn\u00e9ticas tratados en el tema.<\/p>\n<p>Lutz, A., Greischar, L.L., Rawlings, N.B., Davidson, R. J. (2004, October). <em>Long-term meditators self-induce high-amplitude gamma synchrony during mental practice<\/em>. Proceedings of the National Academy of Sciences of the USA (PNAS)<\/p>\n<p>Versi\u00f3n original: <a href=\"http:\/\/www.pnas.org\/content\/101\/46\/16369.full\">http:\/\/www.pnas.org\/content\/101\/46\/16369.full<\/a><\/p>\n<p>Versi\u00f3n en espa\u00f1ol en:<\/p>\n<p><a href=\"http:\/\/www.e-digitalis.com\/pdf\/Digitalis_n21_OndasCerebrales.pdf\">http:\/\/www.e-digitalis.com\/pdf\/Digitalis_n21_OndasCerebrales.pdf<\/a><\/p>\n<p>Se presentar\u00e1 a los alumnos el art\u00edculo sobre \u201cEl principio antr\u00f3pico y el debate ciencia y religi\u00f3n\u201d para que teniendo en cuenta todo lo visto a lo largo de la actividad, reflexionen y den su opini\u00f3n sobre cu\u00e1l es nuestro \u201cpapel\u201d en el mundo. (Extensi\u00f3n aproximada: 2 p\u00e1ginas).<\/p>\n<p>Polkinghorne, J. (2007, April). <em>The Anthropic Principle and the Science and Religion Debate<\/em>. The Farady Institute for Science and Religion. Hay un resumen en <a href=\"http:\/\/www.tendencias21.net\/De-la-ciencia-a-la-metafisica-el-ajuste-fino-del-universo-y-el-significado-de-la-realidad_a39481.html\">http:\/\/www.tendencias21.net\/De-la-ciencia-a-la-metafisica-el-ajuste-fino-del-universo-y-el-significado-de-la-realidad_a39481.html<\/a><\/p>\n<h5><strong>Instrumentos de (auto) evaluaci\u00f3n<\/strong><\/h5>\n<h5>Criterios de evaluaci\u00f3n definidos en t\u00e9rminos de resultados de aprendizaje: Conocer qu\u00e9 supone una experiencia de trascendencia y ser capaz de hacer una lectura de la realidad cotidiana con esa experiencia, diferenci\u00e1ndola de la emotividad. Leer y comentar en dos p\u00e1ginas este debate en Tendencias21: <a href=\"http:\/\/www.tendencias21.net\/forum\/De-la-ciencia-a-la-metafisica-el-ajuste-fino-del-universo-y-el-significado-de-la-realidad_m213551.html\">http:\/\/www.tendencias21.net\/forum\/De-la-ciencia-a-la-metafisica-el-ajuste-fino-del-universo-y-el-significado-de-la-realidad_m213551.html<\/a><\/h5>\n<h3>Indicador3 o competencia tercera a desarrollar: la Espiritual Religiosa<\/h3>\n<p>Dando un paso m\u00e1s, la F\u00edsica puede acercarnos transversalmente a comprender la posibilidad de una dimensi\u00f3n religiosa, a una comprensi\u00f3n racional de lo sagrado y lo valioso. Poseer las habilidades para saber qu\u00e9 tipo de respuestas y aportaciones se han realizado desde las diferentes religiones. Cuando hablamos de <em>religi\u00f3n<\/em> estamos se\u00f1alando esa adaptaci\u00f3n socio cultural de la disposici\u00f3n humana hacia lo absoluto, lo trascendente que en cada tiempo y espacio le da totalidad y sentido a su existencia. En muchas religiones ese absoluto se identifica con Dios o dioses.<\/p>\n<p><strong>Palabra clave: <\/strong>Depuraci\u00f3n de \u00eddolos y fetiches\/ Comprender procesos y tradiciones\/ Empatizar y localizar puntos de encuentro entre miembros de otras religiones y cualquier ser humano, por ejemplo, contemplaci\u00f3n, amor, justicia&#8230;\/ Comunicaci\u00f3n de experiencias, encuentros interreligiosos&#8230;\/ Diferenciaci\u00f3n de procesos religiosos<\/p>\n<p><strong><em>Actividad CTS incluida en el Tema 14: Introducci\u00f3n a la F\u00edsica Cu\u00e1ntica<\/em><\/strong><\/p>\n<p>La inclusi\u00f3n de esta actividad en este tema contin\u00faa la pretensi\u00f3n de que el estudiante perciba c\u00f3mo los cambios de paradigma en la ciencia relacionados con la f\u00edsica moderna abren el camino a un nuevo di\u00e1logo m\u00e1s enriquecedor con las religiones.<\/p>\n<p><strong>Objetivo:<\/strong> Incentivar al encuentro y di\u00e1logo depurando ideas preconcebidas y comprendiendo procesos y tradiciones humanas con los que empatizar a trav\u00e9s de la comunicaci\u00f3n de experiencias y el intercambio de conocimientos.<\/p>\n<p>Como actividad inicial, puede debatirse a partir de este documental sobre ciencia y religi\u00f3n: <a href=\"https:\/\/www.youtube.com\/watch?v=tjH4Qtd0_Zw\">https:\/\/www.youtube.com\/watch?v=tjH4Qtd0_Zw<\/a><\/p>\n<p>\u00bfCon cu\u00e1l de los miembros de la tertulia te identificas?<\/p>\n<p>Los estudiantes tendr\u00e1n que hacer la lectura del siguiente texto.<\/p>\n<p style=\"padding-left: 30px\">\u201cLas personas, como seres racionales, nos inclinamos a percibir y entender la realidad de una manera que sea significativa para nosotros. A veces ocurre que en este intento nos vemos catapultados de la esfera del pensamiento racional a la esfera de la fe, e incluso aqu\u00ed uno puede sentirse a gusto si todav\u00eda tiene espacio para el pensamiento racional. De hecho, esas dos grandes esferas que son la ciencia y la religi\u00f3n pueden tener m\u00e1s cosas en com\u00fan de lo que uno pudiera pensar en un principio. Si bien la ciencia se basa en el pensamiento racional y la religi\u00f3n en la aceptaci\u00f3n de la fe, las dos se complementan mutuamente. El punto de vista puede ser distinto pero la realidad es la misma. Por ejemplo, la ciencia podr\u00eda llegar a ser capaz de responder la pregunta de c\u00f3mo funciona el Universo, pero no ser capaz de responder a la pregunta de por qu\u00e9 tiene que haber un universo. Pero ocurre adem\u00e1s que cuando uno se adentra en ambas esferas de la ciencia y la religi\u00f3n se percata que la ciencia tambi\u00e9n tiene un componente de fe y de que la religi\u00f3n tambi\u00e9n tiene un componente de racionalidad.<\/p>\n<p style=\"padding-left: 30px\">Cuando nos cuestionamos de manera cr\u00edtica sobre la realidad no solamente estamos haciendo un esfuerzo por comprenderla, sino que tambi\u00e9n pretendemos desenmascarar el <em>misterio<\/em> que envuelve esa realidad. Sir C. V. Raman descubri\u00f3 el efecto que lleva su nombre porque se pregunt\u00f3 el por qu\u00e9 del color azul del mar. Albert Einstein se pregunt\u00f3 cu\u00e1l ser\u00eda la velocidad de una persona que viajase montado en un rayo de luz, y acab\u00f3 proponiendo la Teor\u00eda de la Relatividad que ha cambiado nuestra concepci\u00f3n del mundo. La provocaci\u00f3n que supone para el entendimiento el pensamiento cr\u00edtico puede llevarnos a lo que en lengua anglosajona llaman \u201cinsight\u201d o entendimiento profundo de la realidad.\u201d (Foreword, p. xv)<\/p>\n<p style=\"padding-left: 30px\">\u201cVisto superficialmente la ciencia y la teolog\u00eda (ciencia de la religi\u00f3n si se me permite decirlo as\u00ed) pueden aparecer polarizadas y diametralmente opuestas. La primera es la contribuci\u00f3n que Occidente hace a oriente (Darwin, Newton, Einstein eran de Occidente); la segunda, el regalo de Oriente a Occidente (Budismo, Hinduismo, Juda\u00edsmo, Cristianismo e Islam son todas de Oriente). La teolog\u00eda es experiencial (de la interioridad a la acci\u00f3n) mientras que la ciencia es experimental (de la observaci\u00f3n externa al conocimiento interno de la realidad). La teolog\u00eda se localiza en sus contextos, es contextual (teolog\u00eda asi\u00e1tica, africana, de la liberaci\u00f3n, etc) mientras que la ciencia con sus leyes que se cumplen en todos los sistemas de referencia es universal. Y de esta manera la teolog\u00eda es una multiplicidad (que encuentra unidad en la diversidad) y la ciencia es una uniformidad (que busca una teor\u00eda unificadora). Se puede hablar de \u201cmi religi\u00f3n\u201d pero no de \u201cmi ciencia\u201d. Entonces la teolog\u00eda es subjetiva (\u201cYo-conciencia-Dios\u201d que conduce a la \u00e9tica) y la ciencia es puramente objetiva. En otras palabras, la teolog\u00eda se localiza en el coraz\u00f3n, es afectiva, la ciencia se localiza en la mente, es efectiva. Esto implicar\u00eda que la teolog\u00eda es personal y trabaja con informaci\u00f3n de primera mano por lo que respecta al origen, significado, sentido de la vida, muerte, vida eterna, amor a Dios y al pr\u00f3jimo, etc., mientras que la ciencia es muy impersonal y de segunda mano, por ejemplo, conocer los peligros de una dieta desequilibrada, las causas de un ataque al coraz\u00f3n, la composici\u00f3n del aire, etc. en definitiva, la teolog\u00eda trata del conocimiento absoluto (misterio de Dios, eternidad) mientras que la ciencia es siempre relativa y aproximada, aqu\u00ed y ahora\u201d (p. 3) [Francis P. Xavier sj. (2006). <em>God of the Atoms<\/em>. Delhi: LIFE\/ ISPCK (Loyola Institute of Frontier Energy \/ Indian Society for Promoting Christian Knowledge)]<\/p>\n<p>&nbsp;<\/p>\n<p>Tras la lectura y reflexi\u00f3n los estudiantes tendr\u00e1n que reconocer como la ciencia y la religi\u00f3n son manifestaciones de la b\u00fasqueda de la humanidad por dar sentido a las preguntas fundamentales de la existencia y c\u00f3mo ambas deben considerar la Vida como valiosa y sagrada.<\/p>\n<p>Propuesta transversal: Lectura y comentario de este art\u00edculo de Tendencias21: <a href=\"http:\/\/www.tendencias21.net\/Ciencia-y-religion-dos-visiones-del-mundo_a4260.html\">http:\/\/www.tendencias21.net\/Ciencia-y-religion-dos-visiones-del-mundo_a4260.html<\/a><\/p>\n<p>Con esta actividad se pretende evaluar si el alumno pueda identificar otros puntos de vista aportados por las religiones en relaci\u00f3n a cuestiones de la f\u00edsica moderna. Con diversas lecturas los estudiantes deber\u00e1n reflexionar \u2013individual y colectivamente- usando los est\u00e1ndares del razonamiento cr\u00edtico para conocer, valorar y situar las aportaciones de las religiones al conocimiento cient\u00edfico. El objetivo es mostrar que ambos tipos de conocimiento no son excluyentes ni contradictorios entre s\u00ed, sino que se complementan para conseguir una visi\u00f3n integradora de la realidad.<\/p>\n<h3>Indicador4: competencia espiritual cristiana: B\u00fasqueda de sentido desde la centralidad de Cristo<\/h3>\n<p>El cuarto paso en nuestro itinerario alcanza el n\u00facleo de nuestro intento: justificar racionalmente la posibilidad, no solo de dialogar e integrar muchos de nuestros intentos cient\u00edficos dentro de paradigmas espirituales, incluso cristianos. La centralidad de Cristo, es fundamental para interpretar el n\u00facleo m\u00e1s sustancial del cristianismo. Desde el comienzo de la Iglesia han existido controversias cristol\u00f3gicas. Nos referiremos aqu\u00ed a las reflexiones de <a href=\"http:\/\/laicos.antropo.es\/biblia-y-libros\/Kung.Hans_1994_El-cristianismo.Esencia-e-historia.pdf\">Hans K\u00fcng<\/a> en su libro sobre la esencia del cristianismo.<\/p>\n<p><strong>Actividad de iniciaci\u00f3n: <\/strong>debatir las ideas que se expresan en este video:<\/p>\n<p><a href=\"https:\/\/www.youtube.com\/watch?v=VwoRW55YlMY\">https:\/\/www.youtube.com\/watch?v=VwoRW55YlMY<\/a><\/p>\n<p>\u00bfCrees que es posible un di\u00e1logo y un encuentro entre las ciencias f\u00edsicas y el cristianismo?<\/p>\n<p>Las reflexiones de <a href=\"https:\/\/es.wikipedia.org\/wiki\/Frank_J._Tipler\">Frank J. Tipler<\/a> pueden resultar de inter\u00e9s:<\/p>\n<p><a href=\"http:\/\/www.tendencias21.net\/La-fisica-del-cristianismo_a1558.html\">http:\/\/www.tendencias21.net\/La-fisica-del-cristianismo_a1558.html<\/a><\/p>\n<p>\u00bfEst\u00e1s de acuerdo con las ideas de Tipler? \u00bfLleva la f\u00edsica al Dios cristiano? <a href=\"http:\/\/129.81.170.14\/~tipler\/Chapter_1._Introduction.doc\">http:\/\/129.81.170.14\/~tipler\/Chapter_1._Introduction.doc<\/a><\/p>\n<p><a href=\"http:\/\/129.81.170.14\/~tipler\/Chapter_1._Introduction.doc\">http:\/\/129.81.170.14\/~tipler\/Chapter_1._Introduction.doc<\/a><\/p>\n<p>Leer y debatir el siguiente art\u00edculo de Tendencias21 de las religiones:<\/p>\n<p><a href=\"http:\/\/www.tendencias21.net\/Leandro-Sequeiros-La-fe-necesita-reformularse-desde-la-ciencia-y-la-cultura_a35966.html\">http:\/\/www.tendencias21.net\/Leandro-Sequeiros-La-fe-necesita-reformularse-desde-la-ciencia-y-la-cultura_a35966.html<\/a><\/p>\n<p>\u00bfCrees que eso es as\u00ed?<\/p>\n<p><strong>Actividades de evaluaci\u00f3n: <\/strong>a partir de este art\u00edculo del profesor Carlos Beorlegui elaborar un trabajo de tres p\u00e1ginas sobre las conclusiones m\u00e1s importantes de esta unidad did\u00e1ctica: <a href=\"http:\/\/www.tendencias21.net\/Cuando-la-fisica-sustituye-a-la-metafisica-el-conocimiento-pierde_a33088.html\">http:\/\/www.tendencias21.net\/Cuando-la-fisica-sustituye-a-la-metafisica-el-conocimiento-pierde_a33088.html<\/a><\/p>\n<p><strong>Actividades de ampliaci\u00f3n: <\/strong>leer y debatir el art\u00edculo siguiente:<\/p>\n<p><a href=\"http:\/\/www.tendencias21.net\/Ciencia-y-religion-un-debate-que-sigue-vivo_a42595.html\">http:\/\/www.tendencias21.net\/Ciencia-y-religion-un-debate-que-sigue-vivo_a42595.html<\/a><\/p>\n<p>\u00bfC\u00f3mo se plantean hoy las relaciones entre f\u00edsica y religiones? \u00bfSe puede ser buen f\u00edsico y buen cient\u00edfico y ser tambi\u00e9n persona creyente y espiritual? \u00bfHa mejorado tu concepto de lo que es ser persona espiritual?<\/p>\n<h2><strong>Conclusi\u00f3n <\/strong><\/h2>\n<p>Hemos presentado la segunda parte de esta propuesta por la cual presentamos y proponemos la oportunidad, posibilidad y necesidad de suscitar y trabajar competencias espirituales a partir de la asignatura de F\u00edsica de Segundo de Bachillerato. Pensamos que ser\u00eda interesante hacer una valoraci\u00f3n de esta competencia precisamente en una muestra de alumnos que se encuentra en la etapa previa a su ingreso en el \u00e1mbito universitario. Inter\u00e9s que se justifica en el mismo planteamiento del problema, es decir, en c\u00f3mo evaluar una competencia que nos pone en la coyuntura de qu\u00e9 metodolog\u00edas de aprendizaje son v\u00e1lidas y viables de ser dise\u00f1adas para favorecer unas capacidades y habilidades que ser\u00e1n vitales en el posterior desarrollo humano de los estudiantes en su etapa universitaria. Desde nuestro punto de vista, las competencias espirituales no solo deben ser objeto de un tratamiento espec\u00edfico desde la asignatura de Religi\u00f3n. Cualquiera de las asignaturas de Educaci\u00f3n Secundaria (y en especial de Bachillerato) es susceptible de integrar actividades formativas que cubran los objetivos de las competencias espirituales. El profesor no solo es transmisor as\u00e9ptico de conocimientos, sino tambi\u00e9n un formador de valores y actitudes espirituales.<\/p>\n<h5><em>REFERENCIAS BIBLIOGR\u00c1FICAS COMPLEMENTARIAS<\/em><\/h5>\n<h5>Presentamos una serie de referencias que pueden ser \u00fatiles para ampliar todo lo dicho hasta ahora:<\/h5>\n<h5>Alonso Bedate, C. (editor) (2014) <em>El saber interdisciplinar. <\/em>ASINJA, Universidad Comillas, 231 p\u00e1ginas.<\/h5>\n<h5>Barradas-Solas, F., Izquierdo Adeva, A. (s.f), <em>Viaje al coraz\u00f3n de la materia. Actividades en el aula: La f\u00edsica de part\u00edculas, los medios de comunicaci\u00f3n y la vida diaria\u2026\u201d<\/em> Recuperado el 12 de febrero de 2017, de <a href=\"http:\/\/palmera.pntic.mec.es\/~fbarrada\/aula\/aula0.html\">http:\/\/palmera.pntic.mec.es\/~fbarrada\/aula\/aula0.html<\/a><\/h5>\n<h5>Clifford, M. J. (2005). <em>Appropriate Technology: The Poetry of Science<\/em>. Science and Christian Belief, Vol 17, N\u00ba 1. Recuperado el 12 de febrero de 2017, de <a href=\"http:\/\/www.scienceandchristianbelief.org\/articles\/Clifford%20Article%20171.pdf\">http:\/\/www.scienceandchristianbelief.org\/articles\/Clifford%20Article%20171.pdf<\/a><\/h5>\n<h5>Escamilla, A. (2008). <em>Las competencias b\u00e1sicas. Claves y propuestas para su desarrollo en los centros. <\/em>Barcelona: GRA\u00d3. <a href=\"http:\/\/caps.educacion.navarra.es\/infantil\/attachments\/article\/14\/DOCUMENTACI%C3%93N_DE_BASE_CONTENIDOS_COMPETENCIALES-1.pdf\">http:\/\/caps.educacion.navarra.es\/infantil\/attachments\/article\/14\/DOCUMENTACI%C3%93N_DE_BASE_CONTENIDOS_COMPETENCIALES-1.pdf<\/a><\/h5>\n<h5><em>Foundation for Critical Thinking<\/em>.. Recuperado el 12 de febrero de 2017, de <a href=\"http:\/\/www.criticalthinking.org\/\">http:\/\/www.criticalthinking.org\/<\/a>. Versi\u00f3n en espa\u00f1ol en <a href=\"http:\/\/www.e-digitalis.com\/pdf\/Digitalis_n21_OndasCerebrales.pdf\">http:\/\/www.e-digitalis.com\/pdf\/Digitalis_n21_OndasCerebrales.pdf<\/a><\/h5>\n<h5>Lutz, A., Greischar, L.L., Rawlings, N.B., Davidson, R. J. (2004, October). <em>Long-term meditators self-induce high-amplitude gamma synchrony during mental practice<\/em>. Proceedings of the National Academy of Sciences of the USA (PNAS). Recuperado el 12 de febrero de 2017, de<\/h5>\n<h5><a href=\"http:\/\/www.pnas.org\/content\/101\/46\/16369.full.pdf\">http:\/\/www.pnas.org\/content\/101\/46\/16369.full.pdf<\/a><\/h5>\n<h5>\u00ad\u00ad\u00adMcGrath, A. (2005). <em>Has Science eliminated God? Richard Dawkins and the Meaning of Life<\/em>. Science and Christian Belief, Vol 17, N\u00ba.2. Recuperado el 12 de febrero de 2017, de<\/h5>\n<h5><a href=\"http:\/\/www.scienceandchristianbelief.org\/articles\/McGrath%20article%20172.pdf\">http:\/\/www.scienceandchristianbelief.org\/articles\/McGrath%20article%20172.pdf<\/a><\/h5>\n<h5>Ricoeur, P. (1996). <em>S\u00ed mismo como otro<\/em>. Madrid: Siglo XXI de Espa\u00f1a Editores.<\/h5>\n<h5>Richard, P. y Elder L. (2005). <em>Una Gu\u00eda para los Educadores en los Est\u00e1ndares de Competencia para el Pensamiento Cr\u00edtico. Est\u00e1ndares, Principios, Desempe\u00f1o, Indicadores y Resultados con una R\u00fabrica Maestra en el Pensamiento Cr\u00edtico<\/em>. Recuperado el 12 de febrero de 2017, de <a href=\"http:\/\/www.criticalthinking.org\/resources\/PDF\/SP-Comp_Standards.pdf\">http:\/\/www.criticalthinking.org\/resources\/PDF\/SP-Comp_Standards.pdf<\/a><\/h5>\n<h5>\u00ad\u00ad\u00adRichard, P. y Elder L. (2003). <em>C\u00f3mo estudiar y aprender una disciplina<\/em>. <a href=\"http:\/\/www.criticalthinking.org\/resources\/PDF\/SP-Howtostudy.pdf\">http:\/\/www.criticalthinking.org\/resources\/PDF\/SP-Howtostudy.pdf<\/a> (recuperado el 12 de febrero de 2017).<\/h5>\n<h5>\u00ad\u00ad\u00adRichard, P. y Elder L. (2002). <em>El arte de formular preguntas esenciales<\/em>. <a href=\"http:\/\/www.criticalthinking.org\/resources\/PDF\/SP-AskingQuestions.pdf\">http:\/\/www.criticalthinking.org\/resources\/PDF\/SP-AskingQuestions.pdf<\/a> (recuperado el 12 de febrero de 2017)<\/h5>\n<h5>Torralba, F. (2010). <em>Inteligencia espiritual<\/em>. Barcelona: Plataforma Editorial. <a href=\"https:\/\/innovareli.files.wordpress.com\/2011\/08\/0-la-inteligencia-espiritual-como-oportunidad-educativa-de-la-ere.pdf\">https:\/\/innovareli.files.wordpress.com\/2011\/08\/0-la-inteligencia-espiritual-como-oportunidad-educativa-de-la-ere.pdf<\/a><\/h5>\n<h5><em>La neurociencia puede contribuir a la comprensi\u00f3n de la espiritualidad humana<\/em> (2008, 22 de febrero). Tendencias21: tendencias de las religiones. Recuperado el 12 de febrero de 2017, de <a href=\"http:\/\/www.tendencias21.net\/La-neurociencia-puede-contribuir-a-la-comprension-de-la-espiritualidad-humana_a2083.html\">http:\/\/www.tendencias21.net\/La-neurociencia-puede-contribuir-a-la-comprension-de-la-espiritualidad-humana_a2083.html<\/a><\/h5>\n<p>&nbsp;<\/p>\n<p><strong>Eduardo Villena Lozano, <em>es f\u00edsico, educador y coordinador en Andaluc\u00eda de la Comunidad Mundial para la Meditaci\u00f3n Cristiana. Es colaborador de la C\u00e1tedra Ciencia, Tecnolog\u00eda y Religi\u00f3n, y de FronterasCTR. <\/em><\/strong><\/p>\n","protected":false},"excerpt":{"rendered":"<p>(Por Eduardo Villena Lozano) Las ciencias f\u00edsicas aparecen como una materia \u00e1rida y sin relaci\u00f3n alguna con los valores human\u00edsticos, trascendentes y menos a\u00fan con los valores religiosos y cristianos. En un proyecto de innovaci\u00f3n educativa (del que hemos hablado en un trabajo anterior) se apuesta por la posibilidad de que en la F\u00edsica del &#8230; <a title=\"Docencia de F\u00edsica y espiritualidad: competencias educativas\" class=\"read-more\" href=\"https:\/\/blogs.comillas.edu\/FronterasCTR\/?p=1798\" aria-label=\"Leer m\u00e1s sobre Docencia de F\u00edsica y espiritualidad: competencias educativas\">Leer m\u00e1s<\/a><\/p>\n","protected":false},"author":263,"featured_media":1200,"comment_status":"open","ping_status":"closed","sticky":false,"template":"","format":"standard","meta":{"generate_page_header":"","footnotes":""},"categories":[145],"tags":[148,232,136],"class_list":["post-1798","post","type-post","status-publish","format-standard","has-post-thumbnail","hentry","category-cultura-tecnologica-etica-y-teologia","tag-espiritualidad","tag-experiencia","tag-fisica"],"_links":{"self":[{"href":"https:\/\/blogs.comillas.edu\/FronterasCTR\/index.php?rest_route=\/wp\/v2\/posts\/1798","targetHints":{"allow":["GET"]}}],"collection":[{"href":"https:\/\/blogs.comillas.edu\/FronterasCTR\/index.php?rest_route=\/wp\/v2\/posts"}],"about":[{"href":"https:\/\/blogs.comillas.edu\/FronterasCTR\/index.php?rest_route=\/wp\/v2\/types\/post"}],"author":[{"embeddable":true,"href":"https:\/\/blogs.comillas.edu\/FronterasCTR\/index.php?rest_route=\/wp\/v2\/users\/263"}],"replies":[{"embeddable":true,"href":"https:\/\/blogs.comillas.edu\/FronterasCTR\/index.php?rest_route=%2Fwp%2Fv2%2Fcomments&post=1798"}],"version-history":[{"count":2,"href":"https:\/\/blogs.comillas.edu\/FronterasCTR\/index.php?rest_route=\/wp\/v2\/posts\/1798\/revisions"}],"predecessor-version":[{"id":1807,"href":"https:\/\/blogs.comillas.edu\/FronterasCTR\/index.php?rest_route=\/wp\/v2\/posts\/1798\/revisions\/1807"}],"wp:featuredmedia":[{"embeddable":true,"href":"https:\/\/blogs.comillas.edu\/FronterasCTR\/index.php?rest_route=\/wp\/v2\/media\/1200"}],"wp:attachment":[{"href":"https:\/\/blogs.comillas.edu\/FronterasCTR\/index.php?rest_route=%2Fwp%2Fv2%2Fmedia&parent=1798"}],"wp:term":[{"taxonomy":"category","embeddable":true,"href":"https:\/\/blogs.comillas.edu\/FronterasCTR\/index.php?rest_route=%2Fwp%2Fv2%2Fcategories&post=1798"},{"taxonomy":"post_tag","embeddable":true,"href":"https:\/\/blogs.comillas.edu\/FronterasCTR\/index.php?rest_route=%2Fwp%2Fv2%2Ftags&post=1798"}],"curies":[{"name":"wp","href":"https:\/\/api.w.org\/{rel}","templated":true}]}}